{"id":22161,"date":"2024-03-19T09:31:56","date_gmt":"2024-03-19T14:31:56","guid":{"rendered":"https:\/\/newsqr.com.mx\/?p=22161"},"modified":"2024-03-19T14:31:57","modified_gmt":"2024-03-19T14:31:57","slug":"canelo-es-el-nombre-mas-grande-del-boxeo-actual-jaime-munguia","status":"publish","type":"post","link":"https:\/\/newsqr.com.mx\/?p=22161","title":{"rendered":"\u00abCanelo es el nombre m\u00e1s grande del boxeo actual\u00bb: Jaime Mungu\u00eda"},"content":{"rendered":"<p>El talentoso boxeador mexicano, Jaime Mungu\u00eda, reconoce que se encuentra en la antesala del desaf\u00edo m\u00e1s importante de su carrera, pues en un par de meses se enfrentar\u00e1 ente el nombre m\u00e1s importante de la actualidad, ante Sa\u00fal &#8216;Canelo&#8217; \u00c1lvarez.<\/p>\n<p>En entrevista para ESPN Knock Out, el bajacaliforniano asegur\u00f3 que fueron sus destacadas actuaciones ante Derevianchenko y John Ryder, las que lo llevaron a tener esta oportunidad \u00fanica.<\/p>\n<p>\u00abLlegamos a la divisi\u00f3n con una pelea del a\u00f1o ante Derevianchenko y pues se empez\u00f3 a levantar m\u00e1s mi nombre, y ahora con Ryder, yo pienso que dimos un paso contundente, una victoria contundente para que esto se hiciera realidad\u00bb.<\/p>\n<p>Para Jaime, enfrentarse a Canelo no solo representa un desaf\u00edo deportivo, sino tambi\u00e9n una oportunidad de dejar su marca en la historia del boxeo.<\/p>\n<p>\u00abEs una gran oportunidad, yo pienso que &#8216;Canelo&#8217; es el nombre m\u00e1s grande en el boxeo actual, entonces, tener una pelea contra \u00e9l es algo que cualquier boxeador quisiera, es una gran oportunidad de demostrar qui\u00e9n es Jaime Mungu\u00eda\u00bb, expres\u00f3 el joven pugilista.<\/p>\n<p>&#8216;Canelo&#8217; y Mungu\u00eda se ver\u00e1n las caras por primera vez en la conferencia de prensa que se llevar\u00e1 a cabo este martes 19 de marzo a partir de la 14:00 horas del centro de la Ciudad de M\u00e9xico y podr\u00e1 seguirse a trav\u00e9s de Azteca Deportes.<\/p>\n","protected":false},"excerpt":{"rendered":"<p>El talentoso boxeador mexicano, Jaime Mungu\u00eda, reconoce que se encuentra en la antesala del desaf\u00edo&#8230;<\/p>\n","protected":false},"author":1,"featured_media":22163,"comment_status":"open","ping_status":"closed","sticky":false,"template":"","format":"standard","meta":{"footnotes":""},"categories":[5],"tags":[],"class_list":["post-22161","post","type-post","status-publish","format-standard","has-post-thumbnail","hentry","category-deportes"],"_links":{"self":[{"href":"https:\/\/newsqr.com.mx\/index.php?rest_route=\/wp\/v2\/posts\/22161","targetHints":{"allow":["GET"]}}],"collection":[{"href":"https:\/\/newsqr.com.mx\/index.php?rest_route=\/wp\/v2\/posts"}],"about":[{"href":"https:\/\/newsqr.com.mx\/index.php?rest_route=\/wp\/v2\/types\/post"}],"author":[{"embeddable":true,"href":"https:\/\/newsqr.com.mx\/index.php?rest_route=\/wp\/v2\/users\/1"}],"replies":[{"embeddable":true,"href":"https:\/\/newsqr.com.mx\/index.php?rest_route=%2Fwp%2Fv2%2Fcomments&post=22161"}],"version-history":[{"count":1,"href":"https:\/\/newsqr.com.mx\/index.php?rest_route=\/wp\/v2\/posts\/22161\/revisions"}],"predecessor-version":[{"id":22162,"href":"https:\/\/newsqr.com.mx\/index.php?rest_route=\/wp\/v2\/posts\/22161\/revisions\/22162"}],"wp:featuredmedia":[{"embeddable":true,"href":"https:\/\/newsqr.com.mx\/index.php?rest_route=\/wp\/v2\/media\/22163"}],"wp:attachment":[{"href":"https:\/\/newsqr.com.mx\/index.php?rest_route=%2Fwp%2Fv2%2Fmedia&parent=22161"}],"wp:term":[{"taxonomy":"category","embeddable":true,"href":"https:\/\/newsqr.com.mx\/index.php?rest_route=%2Fwp%2Fv2%2Fcategories&post=22161"},{"taxonomy":"post_tag","embeddable":true,"href":"https:\/\/newsqr.com.mx\/index.php?rest_route=%2Fwp%2Fv2%2Ftags&post=22161"}],"curies":[{"name":"wp","href":"https:\/\/api.w.org\/{rel}","templated":true}]}}