{"id":22203,"date":"2024-03-21T12:42:26","date_gmt":"2024-03-21T17:42:26","guid":{"rendered":"https:\/\/newsqr.com.mx\/?p=22203"},"modified":"2024-03-21T17:42:27","modified_gmt":"2024-03-21T17:42:27","slug":"papa-francisco-echa-del-clero-a-un-exobispo-belga-acusado-de-pederastia","status":"publish","type":"post","link":"https:\/\/newsqr.com.mx\/?p=22203","title":{"rendered":"Papa Francisco echa del clero a un exobispo belga acusado de pederastia"},"content":{"rendered":"<p>El papa Francisco retir\u00f3 este jueves el estatus de cl\u00e9rigo al exobispo de la di\u00f3cesis belga de Brujas Roger Vangheluwe, que reconoci\u00f3 haber abusado sexualmente al menos de un sobrino suyo cuando era menor, aunque arrastra denuncias por parte de otra sobrina y de antiguos miembros de un centro de acogida.<\/p>\n<p>Al ser informado este mi\u00e9rcoles de su despido, Vangheluwe pidi\u00f3 poder residir en un lugar de retiro, \u201csin ning\u00fan contacto con el mundo exterior\u201d para \u201cdedicarse a la oraci\u00f3n y a la penitencia\u201d, inform\u00f3 la Nunciatura Apost\u00f3lica en un comunicado.<\/p>\n<p>Varios medios de comunicaci\u00f3n belgas apuntaron que el exobispo de Brujas, de 87 a\u00f1os de edad, seguir\u00e1 viviendo en la abad\u00eda francesa en la que est\u00e1 actualmente recluido, tras haber alcanzado un acuerdo con las autoridades eclesi\u00e1sticas.<\/p>\n<p>Sin embargo, con la p\u00e9rdida de su estatus de cl\u00e9rigo y con la retirada de su h\u00e1bito, Vangheluwe ahora es, a efectos pr\u00e1cticos, libre de moverse y establecerse donde quiera.<\/p>\n<p>En 2010, el papa Benedicto XVI le destituy\u00f3 de su cargo de obispo tras admitir que abus\u00f3 sexualmente de su sobrino, menor de edad por aquel entonces.<\/p>\n<p>Despu\u00e9s se sumaron m\u00e1s acusaciones por parte de otra sobrina suya y de antiguos miembros de un hogar de acogida con los que, seg\u00fan los denunciantes, mantuvo encuentros sexuales a mediados de los a\u00f1os ochenta cuando ellos eran ni\u00f1os.<\/p>\n<p>En 2011, el Vaticano le oblig\u00f3 a retirarse a Francia y le impuso un tratamiento espiritual y psicol\u00f3gico, tras conocerse que no pod\u00eda ser procesado por la justicia ordinaria porque los hechos hab\u00edan prescrito.<\/p>\n<p>Durante un registro realizado en 2012, se encontraron im\u00e1genes pornogr\u00e1ficas en el ordenador del exobispo, lo que llev\u00f3 al papa a volver a examinar su caso.<\/p>\n<p>Todo ello ha desembocado en la decisi\u00f3n anunciada este jueves de retirarle el estatus de cl\u00e9rigo, que el papa Francisco tom\u00f3 el pasado 11 de marzo, seg\u00fan explic\u00f3 la Nunciatura Apost\u00f3lica.<\/p>\n<p>El Santo Padre reitera su cercan\u00eda a las v\u00edctimas de abusos y su compromiso para erradicar esta lacra de la Iglesia\u201d, a\u00f1adi\u00f3 el ente eclesi\u00e1stico en su comunicado, recogido por la prensa belga.<\/p>\n<p>El caso de Vangheluwe desat\u00f3 en B\u00e9lgica, despu\u00e9s de que \u00e9l admitiese haber abusado de su sobrino, una investigaci\u00f3n policial y judicial sobre la violencia sexual dentro de la Iglesia, llamada \u2018Operaci\u00f3n C\u00e1liz\u2019, que incluy\u00f3 en 2012 registros en varias sedes de obispados y arzobispados del pa\u00eds para recebar informaci\u00f3n.<\/p>\n<p>En octubre de 2023, el Parlamento belga cre\u00f3 una comisi\u00f3n de investigaci\u00f3n sobre los presuntos abusos sexuales cometidos por miembros de la Iglesia, tras la emisi\u00f3n de un documental en la televisi\u00f3n VTR en el que varias v\u00edctimas contaron sus vivencias.<\/p>\n<p>La Iglesia cat\u00f3lica de B\u00e9lgica ha recibido en la \u00faltima d\u00e9cada un total de 1.392 denuncias de abusos sexuales, ocurridos en su gran mayor\u00eda hace m\u00e1s de 30 a\u00f1os, seg\u00fan los datos actualizados en el \u00faltimo informe publicado por la Conferencia de Obispos de B\u00e9lgica en septiembre de 2023.<\/p>\n","protected":false},"excerpt":{"rendered":"<p>El papa Francisco retir\u00f3 este jueves el estatus de cl\u00e9rigo al exobispo de la di\u00f3cesis&#8230;<\/p>\n","protected":false},"author":1,"featured_media":22205,"comment_status":"open","ping_status":"closed","sticky":false,"template":"","format":"standard","meta":{"footnotes":""},"categories":[6],"tags":[],"class_list":["post-22203","post","type-post","status-publish","format-standard","has-post-thumbnail","hentry","category-internacional"],"_links":{"self":[{"href":"https:\/\/newsqr.com.mx\/index.php?rest_route=\/wp\/v2\/posts\/22203","targetHints":{"allow":["GET"]}}],"collection":[{"href":"https:\/\/newsqr.com.mx\/index.php?rest_route=\/wp\/v2\/posts"}],"about":[{"href":"https:\/\/newsqr.com.mx\/index.php?rest_route=\/wp\/v2\/types\/post"}],"author":[{"embeddable":true,"href":"https:\/\/newsqr.com.mx\/index.php?rest_route=\/wp\/v2\/users\/1"}],"replies":[{"embeddable":true,"href":"https:\/\/newsqr.com.mx\/index.php?rest_route=%2Fwp%2Fv2%2Fcomments&post=22203"}],"version-history":[{"count":1,"href":"https:\/\/newsqr.com.mx\/index.php?rest_route=\/wp\/v2\/posts\/22203\/revisions"}],"predecessor-version":[{"id":22204,"href":"https:\/\/newsqr.com.mx\/index.php?rest_route=\/wp\/v2\/posts\/22203\/revisions\/22204"}],"wp:featuredmedia":[{"embeddable":true,"href":"https:\/\/newsqr.com.mx\/index.php?rest_route=\/wp\/v2\/media\/22205"}],"wp:attachment":[{"href":"https:\/\/newsqr.com.mx\/index.php?rest_route=%2Fwp%2Fv2%2Fmedia&parent=22203"}],"wp:term":[{"taxonomy":"category","embeddable":true,"href":"https:\/\/newsqr.com.mx\/index.php?rest_route=%2Fwp%2Fv2%2Fcategories&post=22203"},{"taxonomy":"post_tag","embeddable":true,"href":"https:\/\/newsqr.com.mx\/index.php?rest_route=%2Fwp%2Fv2%2Ftags&post=22203"}],"curies":[{"name":"wp","href":"https:\/\/api.w.org\/{rel}","templated":true}]}}