{"id":22269,"date":"2024-03-26T10:02:39","date_gmt":"2024-03-26T15:02:39","guid":{"rendered":"https:\/\/newsqr.com.mx\/?p=22269"},"modified":"2024-03-26T15:02:40","modified_gmt":"2024-03-26T15:02:40","slug":"brandon-moreno-se-retira-temporalmente-de-ufc-necesito-descansar-no-es-un-adios","status":"publish","type":"post","link":"https:\/\/newsqr.com.mx\/?p=22269","title":{"rendered":"Brandon Moreno se retira temporalmente de UFC: &#8216;Necesito descansar; no es un adi\u00f3s&#8217;"},"content":{"rendered":"<p>El reconocido peleador mexicano de UFC, Brandon Moreno, ha sorprendido a sus seguidores tras anunciar un &#8216;retiro&#8217; temporal en su carrera profesional. Tras una derrota reciente ante Brandon Royval en la Arena Ciudad de M\u00e9xico, el popular Assassin Baby decidi\u00f3 tomar un receso para reponerse tanto f\u00edsica como mentalmente.<\/p>\n<p>Moreno comparti\u00f3 la noticia a trav\u00e9s de un video en su cuenta de Instagram, expresando la necesidad de tomar un descanso para recuperar energ\u00edas y motivaci\u00f3n.<\/p>\n<p>\u201cCreo que estoy cansado, cansado de los medios, del ambiente, de la presi\u00f3n, de siempre tener las mismas preguntas. Todo lo que he acarreado en mis hombros en los \u00faltimos a\u00f1os tiene mi mente cansada y necesito descansar un poquito.<\/p>\n<p>\u201cNo estoy diciendo que me voy a alejar al 100 por ciento de las artes marciales mixtas, pero s\u00ed me tomar\u00e9 un tiempo para descansar, para estar con mi familia, vivir como alguien normal y hacer cosas nuevas, diferentes\u201d, comenta.<\/p>\n<p>El peleador azteca prometi\u00f3 regresar con la mente renovada y aspiraciones de volver a ser campe\u00f3n mundial en UFC, recordando que la \u00faltima vez que se tom\u00f3 un tiempo volvi\u00f3 y conquist\u00f3 un t\u00edtulo.<\/p>\n<p>\u201cNo es un adi\u00f3s. Esp\u00e9renme, tengan paciencia, es esperar a que mi mente se componga para volver a hacer las cosas bien. La \u00faltima vez que me fui y volv\u00ed, fui campe\u00f3n mundial. Sigo pensando que soy un peleador incre\u00edble, que tengo las cualidades, habilidades y aptitudes para volver a ser campe\u00f3n, pero he llevado mi mente a un lugar en el que estoy cansado\u201d<\/p>\n","protected":false},"excerpt":{"rendered":"<p>El reconocido peleador mexicano de UFC, Brandon Moreno, ha sorprendido a sus seguidores tras anunciar&#8230;<\/p>\n","protected":false},"author":1,"featured_media":22271,"comment_status":"open","ping_status":"closed","sticky":false,"template":"","format":"standard","meta":{"footnotes":""},"categories":[5],"tags":[],"class_list":["post-22269","post","type-post","status-publish","format-standard","has-post-thumbnail","hentry","category-deportes"],"_links":{"self":[{"href":"https:\/\/newsqr.com.mx\/index.php?rest_route=\/wp\/v2\/posts\/22269","targetHints":{"allow":["GET"]}}],"collection":[{"href":"https:\/\/newsqr.com.mx\/index.php?rest_route=\/wp\/v2\/posts"}],"about":[{"href":"https:\/\/newsqr.com.mx\/index.php?rest_route=\/wp\/v2\/types\/post"}],"author":[{"embeddable":true,"href":"https:\/\/newsqr.com.mx\/index.php?rest_route=\/wp\/v2\/users\/1"}],"replies":[{"embeddable":true,"href":"https:\/\/newsqr.com.mx\/index.php?rest_route=%2Fwp%2Fv2%2Fcomments&post=22269"}],"version-history":[{"count":1,"href":"https:\/\/newsqr.com.mx\/index.php?rest_route=\/wp\/v2\/posts\/22269\/revisions"}],"predecessor-version":[{"id":22270,"href":"https:\/\/newsqr.com.mx\/index.php?rest_route=\/wp\/v2\/posts\/22269\/revisions\/22270"}],"wp:featuredmedia":[{"embeddable":true,"href":"https:\/\/newsqr.com.mx\/index.php?rest_route=\/wp\/v2\/media\/22271"}],"wp:attachment":[{"href":"https:\/\/newsqr.com.mx\/index.php?rest_route=%2Fwp%2Fv2%2Fmedia&parent=22269"}],"wp:term":[{"taxonomy":"category","embeddable":true,"href":"https:\/\/newsqr.com.mx\/index.php?rest_route=%2Fwp%2Fv2%2Fcategories&post=22269"},{"taxonomy":"post_tag","embeddable":true,"href":"https:\/\/newsqr.com.mx\/index.php?rest_route=%2Fwp%2Fv2%2Ftags&post=22269"}],"curies":[{"name":"wp","href":"https:\/\/api.w.org\/{rel}","templated":true}]}}