{"id":22278,"date":"2024-03-26T11:15:27","date_gmt":"2024-03-26T16:15:27","guid":{"rendered":"https:\/\/newsqr.com.mx\/?p=22278"},"modified":"2024-03-26T16:15:28","modified_gmt":"2024-03-26T16:15:28","slug":"papa-francisco-redactara-por-primera-vez-las-meditaciones-del-via-crucis-del-coliseo","status":"publish","type":"post","link":"https:\/\/newsqr.com.mx\/?p=22278","title":{"rendered":"Papa Francisco redactar\u00e1 por primera vez las meditaciones del v\u00eda crucis del Coliseo"},"content":{"rendered":"<p>El papa Francisco escribir\u00e1 por primera vez las meditaciones que se leen en cada estaci\u00f3n del v\u00eda crucis de Viernes Santo en el Coliseo de Roma, unos textos que tradicionalmente se han encargado a distintos grupos sociales.<\/p>\n<p>El tema de estas meditaciones, en las que se suele vincular los pasajes del calvario de Cristo con temas actuales, como las guerras o las injusticias, seguir\u00e1n el tema \u201cEn oraci\u00f3n con Jes\u00fas en su camino a la Cruz\u201d, seg\u00fan avanz\u00f3 el medio oficial Vatican News.<\/p>\n<p>Ser\u00e1 la primera vez que Francisco redacte estos textos, que en su pontificado, iniciado en 2013, fueron encomendados a familias, a j\u00f3venes o a refugiados, entre otros grupos sociales (Juan Pablo II inaugur\u00f3 en 1985 esta tradici\u00f3n, aunque escribi\u00f3 sus propias meditaciones del v\u00eda crucis en el a\u00f1o 2000).<\/p>\n<p>\u201cUn acto de meditaci\u00f3n y espiritualidad, con Jes\u00fas en el centro, en el contexto de un A\u00f1o de la Oraci\u00f3n invocado por el papa. Menos directo, pero con una m\u00e1s amplia referencia a la actualidad\u201d, apunt\u00f3 la Oficina de Prensa de la Santa Sede al mencionado portal.<\/p>\n<p>El contenido de estas meditaciones se conocer\u00e1 el mismo viernes 29 de marzo, as\u00ed como la identidad de quienes portar\u00e1n la Cruz.<\/p>\n<p>La presencia del papa en la colina del Palatino, desde donde sigue tradicionalmente el v\u00eda crucis, frente al Coliseo de Roma, sigue confirmada en las previsiones del Vaticano, tras sus problemas de respiraci\u00f3n, que le han impedido leer algunas homil\u00edas \u00faltimamente.<\/p>\n<p>El a\u00f1o pasado, Francisco no pudo acudir al v\u00eda crucis debido al \u201cintenso fr\u00edo\u201d en la capital italiana y lo sigui\u00f3 desde su residencia, despu\u00e9s de recibir el alta por una bronquitis infecciosa que le mantuvo ingresado tres d\u00edas en el hospital Gemelli de Roma.<\/p>\n<p>A pesar de que el papa, de 87 a\u00f1os, arrastra estos problemas respiratorios, que ya se presentaron el pasado invierno, no ha cancelado ning\u00fan acto de su agenda de cara a la Semana Santa.<\/p>\n<p>El Jueves Santo presidir\u00e1 la misa crismal, por la ma\u00f1ana, y, por la tarde, acudir\u00e1 al m\u00f3dulo femenino de la c\u00e1rcel romana de Rebibbia para el tradicional lavado de pies, emulando el gesto de Jes\u00fas con sus disc\u00edpulos en la \u00faltima cena.<\/p>\n<p>El Viernes Santo presenciar\u00e1 la celebraci\u00f3n de la pasi\u00f3n de Cristo en la bas\u00edlica de San Pedro y por la noche presidir\u00e1 el v\u00eda crucis en el Coliseo de Roma, s\u00edmbolo de la persecuci\u00f3n de los primeros cristianos en \u00e9poca romana.<\/p>\n<p>El s\u00e1bado, seg\u00fan las previsiones de la Santa Sede, Francisco presidir\u00e1 la vigilia pascual y el d\u00eda siguiente la misa del Domingo de Resurrecci\u00f3n, con la posterior impartici\u00f3n de la bendici\u00f3n \u2018urbi et orbi\u2019.<\/p>\n","protected":false},"excerpt":{"rendered":"<p>El papa Francisco escribir\u00e1 por primera vez las meditaciones que se leen en cada estaci\u00f3n&#8230;<\/p>\n","protected":false},"author":1,"featured_media":22280,"comment_status":"open","ping_status":"closed","sticky":false,"template":"","format":"standard","meta":{"footnotes":""},"categories":[6],"tags":[],"class_list":["post-22278","post","type-post","status-publish","format-standard","has-post-thumbnail","hentry","category-internacional"],"_links":{"self":[{"href":"https:\/\/newsqr.com.mx\/index.php?rest_route=\/wp\/v2\/posts\/22278","targetHints":{"allow":["GET"]}}],"collection":[{"href":"https:\/\/newsqr.com.mx\/index.php?rest_route=\/wp\/v2\/posts"}],"about":[{"href":"https:\/\/newsqr.com.mx\/index.php?rest_route=\/wp\/v2\/types\/post"}],"author":[{"embeddable":true,"href":"https:\/\/newsqr.com.mx\/index.php?rest_route=\/wp\/v2\/users\/1"}],"replies":[{"embeddable":true,"href":"https:\/\/newsqr.com.mx\/index.php?rest_route=%2Fwp%2Fv2%2Fcomments&post=22278"}],"version-history":[{"count":1,"href":"https:\/\/newsqr.com.mx\/index.php?rest_route=\/wp\/v2\/posts\/22278\/revisions"}],"predecessor-version":[{"id":22279,"href":"https:\/\/newsqr.com.mx\/index.php?rest_route=\/wp\/v2\/posts\/22278\/revisions\/22279"}],"wp:featuredmedia":[{"embeddable":true,"href":"https:\/\/newsqr.com.mx\/index.php?rest_route=\/wp\/v2\/media\/22280"}],"wp:attachment":[{"href":"https:\/\/newsqr.com.mx\/index.php?rest_route=%2Fwp%2Fv2%2Fmedia&parent=22278"}],"wp:term":[{"taxonomy":"category","embeddable":true,"href":"https:\/\/newsqr.com.mx\/index.php?rest_route=%2Fwp%2Fv2%2Fcategories&post=22278"},{"taxonomy":"post_tag","embeddable":true,"href":"https:\/\/newsqr.com.mx\/index.php?rest_route=%2Fwp%2Fv2%2Ftags&post=22278"}],"curies":[{"name":"wp","href":"https:\/\/api.w.org\/{rel}","templated":true}]}}