{"id":22287,"date":"2024-03-27T10:43:34","date_gmt":"2024-03-27T15:43:34","guid":{"rendered":"https:\/\/newsqr.com.mx\/?p=22287"},"modified":"2024-03-27T15:43:35","modified_gmt":"2024-03-27T15:43:35","slug":"eva-mendes-acordo-con-ryan-gosling-que-ella-seria-ama-de-casa-al-tener-hijos","status":"publish","type":"post","link":"https:\/\/newsqr.com.mx\/?p=22287","title":{"rendered":"Eva Mendes acord\u00f3 con Ryan Gosling que ella ser\u00eda ama de casa al tener hijos"},"content":{"rendered":"<p>Para muchas personas la relaci\u00f3n entre Eva Mendez y Ryan Gosling es una de las m\u00e1s solidas en Hollywood, sin embargo, aunque la carrera del actor se ha ido a la cima, m\u00e1s a\u00fan tras coprotagonizar \u201cBarbie\u201d, la de ella hace mucho que se encuentra en pausa.<\/p>\n<p>Sin duda el protagonista de \u201cThe Notebook\u201d aprovecha cada oportunidad para adular a su esposa y recalcar que es la mujer de su vida, muchas personas se preguntan por qu\u00e9 Eva Mendes no continu\u00f3 con su exitosa carrera de actriz.<\/p>\n<p>Y es que recientemente la famosa revel\u00f3 que ella y Ryan Gosling entendieron mutuamente que ella dejar\u00eda su carrera como actriz para quedarse en casa con sus hijos.<\/p>\n<p>\u00abFue casi como un acuerdo no verbal que dec\u00eda: &#8216;Ok, \u00e9l va a trabajar y yo voy a trabajar, yo s\u00f3lo voy a trabajar aqu\u00ed'\u00bb, dijo Mendes en el programa \u00abToday\u00bb.<\/p>\n<p>La actriz de \u201cHitch\u201d, de 50 a\u00f1os, quien es madre de Esmeralda, de 9 a\u00f1os, y Amada, de 7 junto con Ryan Gosling dijo que era obvio que dejar\u00eda en suspenso su carrera para poder pasar m\u00e1s tiempo con sus hijas.<\/p>\n<p>Tambi\u00e9n aclar\u00f3 que todav\u00eda tiene una carrera en la industria del cine, pero que ya no act\u00faa desde que se convirti\u00f3 en madre.<\/p>\n<p>\u201cSegu\u00ed trabajando, simplemente no actu\u00e9 porque actuar te lleva a lugares, te aleja\u201d, comparti\u00f3.<\/p>\n<p>Adem\u00e1s, asegur\u00f3 que pr\u00e1cticamente dej\u00f3 de actuar despu\u00e9s de que ella y Ryan protagonizaran \u201cThe Place Beyond the Pines\u201d, de 2012.<\/p>\n<p>Tambi\u00e9n se refiri\u00f3 a la actuaci\u00f3n de su pareja en los Oscar 2024 a principios de este mes, donde interpret\u00f3 su canci\u00f3n de la pel\u00edcula \u00abBarbie\u00bb, \u00abI&#8217;m Just Ken\u00bb.<\/p>\n<p>\u201c\u00c9l fue e hizo su trabajo. Resulta que es muy bueno en su trabajo, lo hizo y regres\u00f3 a casa\u201d, dijo Mendes.<\/p>\n<p>La famosa estuvo detr\u00e1s del escenario antes de la 96\u00aa edici\u00f3n de los Premios de la Academia para apoyar al padre de sus hijas, quien fue nominado como mejor actor de reparto.<\/p>\n","protected":false},"excerpt":{"rendered":"<p>Para muchas personas la relaci\u00f3n entre Eva Mendez y Ryan Gosling es una de las&#8230;<\/p>\n","protected":false},"author":1,"featured_media":22289,"comment_status":"open","ping_status":"closed","sticky":false,"template":"","format":"standard","meta":{"footnotes":""},"categories":[5],"tags":[],"class_list":["post-22287","post","type-post","status-publish","format-standard","has-post-thumbnail","hentry","category-deportes"],"_links":{"self":[{"href":"https:\/\/newsqr.com.mx\/index.php?rest_route=\/wp\/v2\/posts\/22287","targetHints":{"allow":["GET"]}}],"collection":[{"href":"https:\/\/newsqr.com.mx\/index.php?rest_route=\/wp\/v2\/posts"}],"about":[{"href":"https:\/\/newsqr.com.mx\/index.php?rest_route=\/wp\/v2\/types\/post"}],"author":[{"embeddable":true,"href":"https:\/\/newsqr.com.mx\/index.php?rest_route=\/wp\/v2\/users\/1"}],"replies":[{"embeddable":true,"href":"https:\/\/newsqr.com.mx\/index.php?rest_route=%2Fwp%2Fv2%2Fcomments&post=22287"}],"version-history":[{"count":1,"href":"https:\/\/newsqr.com.mx\/index.php?rest_route=\/wp\/v2\/posts\/22287\/revisions"}],"predecessor-version":[{"id":22288,"href":"https:\/\/newsqr.com.mx\/index.php?rest_route=\/wp\/v2\/posts\/22287\/revisions\/22288"}],"wp:featuredmedia":[{"embeddable":true,"href":"https:\/\/newsqr.com.mx\/index.php?rest_route=\/wp\/v2\/media\/22289"}],"wp:attachment":[{"href":"https:\/\/newsqr.com.mx\/index.php?rest_route=%2Fwp%2Fv2%2Fmedia&parent=22287"}],"wp:term":[{"taxonomy":"category","embeddable":true,"href":"https:\/\/newsqr.com.mx\/index.php?rest_route=%2Fwp%2Fv2%2Fcategories&post=22287"},{"taxonomy":"post_tag","embeddable":true,"href":"https:\/\/newsqr.com.mx\/index.php?rest_route=%2Fwp%2Fv2%2Ftags&post=22287"}],"curies":[{"name":"wp","href":"https:\/\/api.w.org\/{rel}","templated":true}]}}