{"id":22293,"date":"2024-03-27T12:43:35","date_gmt":"2024-03-27T17:43:35","guid":{"rendered":"https:\/\/newsqr.com.mx\/?p=22293"},"modified":"2024-03-27T17:43:36","modified_gmt":"2024-03-27T17:43:36","slug":"el-salvador-cumple-dos-anos-de-la-guerra-contra-las-pandillas-la-garantia-de-bukele","status":"publish","type":"post","link":"https:\/\/newsqr.com.mx\/?p=22293","title":{"rendered":"El Salvador cumple dos a\u00f1os de la \u201cguerra contra las pandillas\u201d, la garant\u00eda de Bukele"},"content":{"rendered":"<p>El Salvador cumple este mi\u00e9rcoles dos a\u00f1os desde la implementaci\u00f3n de un r\u00e9gimen de excepci\u00f3n, cuyas acciones han sido bautizadas por el presidente Nayib Bukele como una \u201cguerra contra las pandillas\u201d, que le ha garantizado al mandatario mantenerse en el poder pese a los constantes se\u00f1alamientos de violaciones a derechos humanos.<\/p>\n<p>El 27 de marzo de 2022, la Asamblea Legislativa, dominada por el oficialismo, aprob\u00f3, a petici\u00f3n de Bukele, la implementaci\u00f3n de un r\u00e9gimen de excepci\u00f3n que suspende algunas garant\u00edas constitucionales como el derecho a la defensa, durante el que han sido capturadas m\u00e1s de 78.000 personas.<\/p>\n<p>Si bien la pol\u00e9mica medida ha sido se\u00f1alada de violentar derechos, ha contribuido a bajar a\u00fan m\u00e1s la cifra de homicidios en el pa\u00eds centroamericano, tendencia que ya ven\u00eda desde 2015, y ha elevado la popularidad de Bukele.<\/p>\n<p>La organizaci\u00f3n Human Rights Watch se\u00f1al\u00f3 este mi\u00e9rcoles que Bukele sigue siendo muy popular, en gran medida porque algunos indicadores de violencia parecen haber mejorado en el corto plazo.<\/p>\n<p>Los homicidios, que han disminuido en El Salvador desde 2015, han ca\u00eddo a\u00fan m\u00e1s, aunque las restricciones gubernamentales para acceder a las cifras y los cambios en la forma en que se cuentan los asesinatos hacen que sea m\u00e1s dif\u00edcil estimar el verdadero alcance de la reducci\u00f3n y la prevalencia de otros delitos, apunt\u00f3.<\/p>\n<p>El mandatario us\u00f3 el r\u00e9gimen de excepci\u00f3n como su principal herramienta de campa\u00f1a electoral de cara a las elecciones del pasado 4 de febrero, que gan\u00f3 con una ampl\u00eda mayor\u00eda, lo que le permitir\u00e1 continuar en el Ejecutivo hasta 2029, a pesar de que la Constituci\u00f3n no permite la reelecci\u00f3n inmediata.<\/p>\n<p>Bukele tambi\u00e9n abog\u00f3 por los candidatos a diputados de su partido, Nuevas Ideas (NI), y llam\u00f3 a la poblaci\u00f3n a que votaran por ellos para que el r\u00e9gimen continuar\u00e1. Nuevas Ideas seguir\u00e1 siendo mayor\u00eda en el Congreso tras ganar la mayor\u00eda de diputaciones (54 de 60).<\/p>\n<p>Con lo anterior, el presidente tienen el control de los tres \u00f3rganos del Estado, lo que incluye la Corte Suprema de Justicia (CSJ), cuyos magistrados fueron elegidos sin que los diputados del Congreso siguieran el debido proceso.<\/p>\n<p>Se desconoce cu\u00e1ndo se dar\u00e1 por concluido dicho r\u00e9gimen o si ser\u00e1 una medida permanente, la \u00fanica por el momento del Gobierno de Bukele contra las pandillas, un fen\u00f3meno que resisti\u00f3 a los planes de seguridad de las pasadas Administraciones.<\/p>\n<p>Bukele asegur\u00f3 recientemente que la tasa de homicidios en El Salvador en 2024 ser\u00e1 \u201ca\u00fan m\u00e1s baja\u201d que la registrada el a\u00f1o pasado. En 2023, se registraron 154 asesinatos, 341 menos que los 495 contabilizados en 2022, seg\u00fan datos de la Polic\u00eda Nacional Civil.<\/p>\n<p>La Polic\u00eda confirma que la tasa de homicidios en 2023 por cada 100 mil habitantes fue de 2.4 e indic\u00f3 que el promedio diario de muertes fue de 0.4.<\/p>\n<p>Se desconoce el impacto real de la medida<br \/>\nAnabel Belloso, diputada del opositor Frente Farabundo Mart\u00ed para la Liberaci\u00f3n Nacional (FMLN, izquierda), reconoci\u00f3 en una declaraci\u00f3n a EFE que la violencia ha disminuido bajo el r\u00e9gimen de excepci\u00f3n pero que \u201cal no tener datos oficiales reales es imposible conocer el impacto real de la medida\u201d.<\/p>\n<p>Es una medida de control social, es una estrategia en aras de concentrar el poder, que es su objetivo principal (el de Bukele), porque es una herramienta que la ha utilizado para acallar voces que lo critican, y perseguir a lideres comunitarios y de los territorios\u201d, expres\u00f3.<\/p>\n<p>A\u00f1adi\u00f3 que la medida de excepci\u00f3n \u201cno responde a una verdadera pol\u00edtica de seguridad ciudadana\u201d sino a \u201cfines propagand\u00edsticos y de control social\u201d.<\/p>\n<p>\u201cTanto muchacho preso\u201d<br \/>\nAna Mar\u00eda Alfaro, una mujer de 70 a\u00f1os, dice aplaudir la medida de Bukele contra las maras (pandillas), ya que en la comunidad donde vive hab\u00eda una fuerte presencia de miembros de estas bandas e incluso record\u00f3 una ocasi\u00f3n en que \u201calgunos de ellos\u201d quebraron vidrios de una de sus ventanas y la amenazaron de muerte a ella y a sus hijos.<\/p>\n<p>Est\u00e1 bien que los metan presos a ellos (pandilleros), pero yo he escuchado que han detenido a muchos muchachos (j\u00f3venes) que no tienen que ver con ellos y eso yo lo veo mal, deber\u00edan, digo yo, dejarlos libres\u201d, dijo en una conversaci\u00f3n con EFE.<\/p>\n<p>Organizaciones no gubernamentales han recibido m\u00e1s de 6.000 denuncias de violaciones a derechos humanos, principalmente por detenciones arbitrarias y torturas, y han registrado la muerte de m\u00e1s 200 detenidos bajo custodia estatal.<\/p>\n<p>La \u201cformula m\u00e1gica\u201d<br \/>\nLa directora para las Am\u00e9ricas de Amnist\u00eda Internacional, Ana Piquer, se\u00f1al\u00f3 este mi\u00e9rcoles en un comunicado compartido por la organizaci\u00f3n que \u201csin ning\u00fan tipo de evaluaci\u00f3n y contrapeso al interior del pa\u00eds y con una respuesta t\u00edmida de parte de la comunidad internacional, se ha generado la ilusi\u00f3n err\u00f3nea de que el presidente Bukele ha encontrado la f\u00f3rmula m\u00e1gica para resolver problemas muy complejos -como el de la violencia y la criminalidad-, de manera aparentemente sencilla\u201d.<\/p>\n<p>No obstante, advirti\u00f3 que \u201cno puede ser un \u00e9xito reducir la violencia pandilleril sustituy\u00e9ndola por violencia estatal\u201d y a\u00f1adi\u00f3 que \u201clas autoridades salvadore\u00f1as deben centrar la respuesta estatal en pol\u00edticas integrales y respetuosas de los derechos humanos y la b\u00fasqueda de soluciones de largo plazo\u201d.<\/p>\n<p>Para la directora ejecutiva de la Fundaci\u00f3n para el Debido Proceso (DPLF, por sus siglas en ingl\u00e9s), Katya Salazar, la violencia se redujo en El Salvador y las calles est\u00e1n m\u00e1s seguras, pero \u201clos salvadore\u00f1os se merecen m\u00e1s, no solo seguridad sino tambi\u00e9n justicia\u201d.<\/p>\n<p>El desaf\u00edo actual es resolver la situaci\u00f3n judicial de los miles de detenidos en prisi\u00f3n, donde hay tambi\u00e9n personas inocentes. Los salvadore\u00f1os se merecen un pa\u00eds seguro pero tambi\u00e9n un pa\u00eds donde sean tratados con justicia\u201d, coment\u00f3.<\/p>\n","protected":false},"excerpt":{"rendered":"<p>El Salvador cumple este mi\u00e9rcoles dos a\u00f1os desde la implementaci\u00f3n de un r\u00e9gimen de excepci\u00f3n,&#8230;<\/p>\n","protected":false},"author":1,"featured_media":22295,"comment_status":"open","ping_status":"closed","sticky":false,"template":"","format":"standard","meta":{"footnotes":""},"categories":[6],"tags":[],"class_list":["post-22293","post","type-post","status-publish","format-standard","has-post-thumbnail","hentry","category-internacional"],"_links":{"self":[{"href":"https:\/\/newsqr.com.mx\/index.php?rest_route=\/wp\/v2\/posts\/22293","targetHints":{"allow":["GET"]}}],"collection":[{"href":"https:\/\/newsqr.com.mx\/index.php?rest_route=\/wp\/v2\/posts"}],"about":[{"href":"https:\/\/newsqr.com.mx\/index.php?rest_route=\/wp\/v2\/types\/post"}],"author":[{"embeddable":true,"href":"https:\/\/newsqr.com.mx\/index.php?rest_route=\/wp\/v2\/users\/1"}],"replies":[{"embeddable":true,"href":"https:\/\/newsqr.com.mx\/index.php?rest_route=%2Fwp%2Fv2%2Fcomments&post=22293"}],"version-history":[{"count":1,"href":"https:\/\/newsqr.com.mx\/index.php?rest_route=\/wp\/v2\/posts\/22293\/revisions"}],"predecessor-version":[{"id":22294,"href":"https:\/\/newsqr.com.mx\/index.php?rest_route=\/wp\/v2\/posts\/22293\/revisions\/22294"}],"wp:featuredmedia":[{"embeddable":true,"href":"https:\/\/newsqr.com.mx\/index.php?rest_route=\/wp\/v2\/media\/22295"}],"wp:attachment":[{"href":"https:\/\/newsqr.com.mx\/index.php?rest_route=%2Fwp%2Fv2%2Fmedia&parent=22293"}],"wp:term":[{"taxonomy":"category","embeddable":true,"href":"https:\/\/newsqr.com.mx\/index.php?rest_route=%2Fwp%2Fv2%2Fcategories&post=22293"},{"taxonomy":"post_tag","embeddable":true,"href":"https:\/\/newsqr.com.mx\/index.php?rest_route=%2Fwp%2Fv2%2Ftags&post=22293"}],"curies":[{"name":"wp","href":"https:\/\/api.w.org\/{rel}","templated":true}]}}