{"id":22320,"date":"2024-03-29T19:27:41","date_gmt":"2024-03-30T00:27:41","guid":{"rendered":"https:\/\/newsqr.com.mx\/?p=22320"},"modified":"2024-03-30T00:27:42","modified_gmt":"2024-03-30T00:27:42","slug":"jay-de-la-cueva-se-despide-de-brian-amadeus-y-dice-adios-a-moderatto","status":"publish","type":"post","link":"https:\/\/newsqr.com.mx\/?p=22320","title":{"rendered":"Jay de la Cueva se despide de Brian Amadeus y dice adi\u00f3s a Moderatto"},"content":{"rendered":"<p>El pasado s\u00e1bado 23 de marzo Moderatto despidi\u00f3 de los escenarios a Jay de la Cueva, quien fue su vocalista y guitarrista luego de que el cantante anunciara su salida de la agrupaci\u00f3n, por lo que el Palacio de los Deportes fue testigo del fin de una era, frente a miles de asistentes.<\/p>\n<p>Cabe recordar que en agosto de 2023, Jay de la Cueva anuncio su salida de la banda tras 24 a\u00f1os juntos, esto con el objetivo de enfocarse en su carrera como solista y lanzar su primer disco, pues los anteriores hab\u00edan sido con otras bandas como Fobia, Tit\u00e1n, Molotov y Moderatto.<\/p>\n<p>As\u00ed se despidi\u00f3 Jay de la Cueva de su personaje, Brian Amadeus<br \/>\nLuego del \u00e9xito que tuvieron en el Palacio de los Deportes en la que fue la despedida de Jay de la Cueva de Moderatto, el cantante public\u00f3 un video en sus redes sociales para decirle adi\u00f3s a su alter ego, es decir, el personaje que cre\u00f3 para la agrupaci\u00f3n: Brian Amadeus.<\/p>\n<p>Jay invent\u00f3 este personaje cuando surgi\u00f3 la banda en 1999, pues de hecho Moderatto no iba a ser originalmente un grupo, sino una pel\u00edcula y todos los integrantes tendr\u00edan nombres de integrantes de boy band, as\u00ed fue como surgi\u00f3 Brian Amadeus.<\/p>\n<p>Nunca nadie es profeta en su tierra y que en otro lugar te reconoc\u00edan, pero en M\u00e9xico no te celebraban (&#8230;) la historia de Moderatto parte de que somos los hermanos Moderatto que nuestros pap\u00e1s eran unos hippies viajeros y viajamos por el mundo, escribimos canciones que Luis Miguel y otros artistas nos robaron, esa es la idea original, donde \u00edbamos a regresar a M\u00e9xico a hacer justicia de nuestra obra\u00bb<\/p>\n<p>En el clip, aparece Jay de la Cueva a\u00fan caracterizado como Brian Amadeus, pero conforme pasa el video, el cantante se retira el maquillaje caracter\u00edstico de su personaje mientras dice un emotivo discurso en una voz en off.<\/p>\n<p>Voy a despedirme de tu voz, ya lo s\u00e9, es dif\u00edcil. Volver a imaginar a d\u00f3nde voy, lo que soy, me da miedo. Busco algo en lo que pueda creer, para llenar este vac\u00edo. Un lugar en donde me sienta bien, sin volver a ser el mismo\u00bb<\/p>\n<p>Todo ocurre mientras de fondo se escucha la canci\u00f3n \u00abGracias\u00bb y al final del video, se puede leer: \u00abAdi\u00f3s B. Amadeus\u00bb. El video gener\u00f3 diversos comentarios de sus fans, quienes reaccionaron con nostalgia a dicha despedida:<\/p>\n<p>\u00abEste adi\u00f3s es el que m\u00e1s me ha dolido, hasta siempre Bryan Amadeus\u00bb<br \/>\n\u00abLlor\u00e9! te extra\u00f1ar\u00e9 Brian Amadeus, bienvenido a una nueva gran etapa Jay de la Cueva, love u por siempre\u00bb<br \/>\n\u00abLa neta si estoy llorando. gracias por tanto!\u00bb<br \/>\n\u00abHermano yo solo quiero agradecerte por ser parte de mi infancia, adolescencia y adultez, tu m\u00fasica seguir\u00e1 rockeando en nuestros corazones y bocinas\u00bb<br \/>\n\u00abTal vez no me leas, pero me gustar\u00eda decirte que Moderatto marc\u00f3 mi adolescencia, me duele decir adi\u00f3s a Bryan Amadeus, pero saludo a Jay para siempre\u00bb<br \/>\n\u00abGracias por tanto Bryan Amadeus fuiste parte de grandes momentos de mi vida hasta siempre\u00bb<br \/>\n\u00abEl que mucho se despide, poco se quiere ir\u00bb<\/p>\n","protected":false},"excerpt":{"rendered":"<p>El pasado s\u00e1bado 23 de marzo Moderatto despidi\u00f3 de los escenarios a Jay de la&#8230;<\/p>\n","protected":false},"author":1,"featured_media":22322,"comment_status":"open","ping_status":"closed","sticky":false,"template":"","format":"standard","meta":{"footnotes":""},"categories":[3],"tags":[],"class_list":["post-22320","post","type-post","status-publish","format-standard","has-post-thumbnail","hentry","category-espectaculos"],"_links":{"self":[{"href":"https:\/\/newsqr.com.mx\/index.php?rest_route=\/wp\/v2\/posts\/22320","targetHints":{"allow":["GET"]}}],"collection":[{"href":"https:\/\/newsqr.com.mx\/index.php?rest_route=\/wp\/v2\/posts"}],"about":[{"href":"https:\/\/newsqr.com.mx\/index.php?rest_route=\/wp\/v2\/types\/post"}],"author":[{"embeddable":true,"href":"https:\/\/newsqr.com.mx\/index.php?rest_route=\/wp\/v2\/users\/1"}],"replies":[{"embeddable":true,"href":"https:\/\/newsqr.com.mx\/index.php?rest_route=%2Fwp%2Fv2%2Fcomments&post=22320"}],"version-history":[{"count":1,"href":"https:\/\/newsqr.com.mx\/index.php?rest_route=\/wp\/v2\/posts\/22320\/revisions"}],"predecessor-version":[{"id":22321,"href":"https:\/\/newsqr.com.mx\/index.php?rest_route=\/wp\/v2\/posts\/22320\/revisions\/22321"}],"wp:featuredmedia":[{"embeddable":true,"href":"https:\/\/newsqr.com.mx\/index.php?rest_route=\/wp\/v2\/media\/22322"}],"wp:attachment":[{"href":"https:\/\/newsqr.com.mx\/index.php?rest_route=%2Fwp%2Fv2%2Fmedia&parent=22320"}],"wp:term":[{"taxonomy":"category","embeddable":true,"href":"https:\/\/newsqr.com.mx\/index.php?rest_route=%2Fwp%2Fv2%2Fcategories&post=22320"},{"taxonomy":"post_tag","embeddable":true,"href":"https:\/\/newsqr.com.mx\/index.php?rest_route=%2Fwp%2Fv2%2Ftags&post=22320"}],"curies":[{"name":"wp","href":"https:\/\/api.w.org\/{rel}","templated":true}]}}