{"id":22475,"date":"2024-04-07T11:29:08","date_gmt":"2024-04-07T16:29:08","guid":{"rendered":"https:\/\/newsqr.com.mx\/?p=22475"},"modified":"2024-04-07T16:29:09","modified_gmt":"2024-04-07T16:29:09","slug":"cuerpo-diplomatico-en-ecuador-regresa-con-la-frente-y-el-nombre-de-mexico-en-alto-alicia-barcena","status":"publish","type":"post","link":"https:\/\/newsqr.com.mx\/?p=22475","title":{"rendered":"Cuerpo diplom\u00e1tico en Ecuador regresa \u201ccon la frente y el nombre de M\u00e9xico en alto\u201d: Alicia B\u00e1rcena"},"content":{"rendered":"<p>La canciller Alicia B\u00e1rcena agradeci\u00f3 el acompa\u00f1amiento de los embajadores de Alemania, Panam\u00e1, Cuba y Honduras al cuerpo diplom\u00e1tico mexicano que abandona Ecuador tras el asalto a la embajada.<\/p>\n<p>En su cuenta de la red social X, B\u00e1rcena dijo que el personal diplom\u00e1tico deja todo en Ecuador y \u201cregresa a casa con la frente y el nombre de M\u00e9xico en alto\u201d.<\/p>\n<p>La titular de la Secretar\u00eda de Relaciones Exteriores agradeci\u00f3 a los aliados de M\u00e9xico por su solidaridad tras el asalto de fuerzas policiales de Ecuador a la sede diplom\u00e1tica mexicana.<\/p>\n<p>Este domingo 7 de abril, el cuerpo diplom\u00e1tico mexicano ya viaja de regreso a M\u00e9xico desde Quito, inform\u00f3 la SRE.<\/p>\n<p>En el aeropuerto Mariscal Sucre, de Quito, esperaban a la delegaci\u00f3n mexicana varios representantes de otros pa\u00edses, especialmente de Chile y Per\u00fa, que acudieron a despedirlos, seg\u00fan informaron fuentes diplom\u00e1ticas.<\/p>\n<p>\u00bfQu\u00e9 hacer si eres un mexicano en Ecuador?<br \/>\nLa SRE inform\u00f3 que la embajada de M\u00e9xico en Ecuador cerrar\u00e1 indefinidamente, as\u00ed como los servicios consulares, por lo que la comunidad mexicana y empresarial, que son m\u00e1s de mil 600 personas, podr\u00e1n utilizar los siguientes medios para obtener asistencia.<\/p>\n<p>P\u00e1gina oficial de la SRE https:\/\/sirme.sre.gob.mx<\/p>\n<p>Embajada de M\u00e9xico en Ecuador 00 593 99 494 0153<\/p>\n<p>Embajada de M\u00e9xico en Colombia 00 573 138786028<\/p>\n<p>Embajada de M\u00e9xico en Chile 00 56 9 9682 3061<\/p>\n<p>Embajada de M\u00e9xico en Per\u00fa 0051987569404<\/p>\n","protected":false},"excerpt":{"rendered":"<p>La canciller Alicia B\u00e1rcena agradeci\u00f3 el acompa\u00f1amiento de los embajadores de Alemania, Panam\u00e1, Cuba y&#8230;<\/p>\n","protected":false},"author":1,"featured_media":22477,"comment_status":"open","ping_status":"closed","sticky":false,"template":"","format":"standard","meta":{"footnotes":""},"categories":[2],"tags":[],"class_list":["post-22475","post","type-post","status-publish","format-standard","has-post-thumbnail","hentry","category-nacional"],"_links":{"self":[{"href":"https:\/\/newsqr.com.mx\/index.php?rest_route=\/wp\/v2\/posts\/22475","targetHints":{"allow":["GET"]}}],"collection":[{"href":"https:\/\/newsqr.com.mx\/index.php?rest_route=\/wp\/v2\/posts"}],"about":[{"href":"https:\/\/newsqr.com.mx\/index.php?rest_route=\/wp\/v2\/types\/post"}],"author":[{"embeddable":true,"href":"https:\/\/newsqr.com.mx\/index.php?rest_route=\/wp\/v2\/users\/1"}],"replies":[{"embeddable":true,"href":"https:\/\/newsqr.com.mx\/index.php?rest_route=%2Fwp%2Fv2%2Fcomments&post=22475"}],"version-history":[{"count":1,"href":"https:\/\/newsqr.com.mx\/index.php?rest_route=\/wp\/v2\/posts\/22475\/revisions"}],"predecessor-version":[{"id":22476,"href":"https:\/\/newsqr.com.mx\/index.php?rest_route=\/wp\/v2\/posts\/22475\/revisions\/22476"}],"wp:featuredmedia":[{"embeddable":true,"href":"https:\/\/newsqr.com.mx\/index.php?rest_route=\/wp\/v2\/media\/22477"}],"wp:attachment":[{"href":"https:\/\/newsqr.com.mx\/index.php?rest_route=%2Fwp%2Fv2%2Fmedia&parent=22475"}],"wp:term":[{"taxonomy":"category","embeddable":true,"href":"https:\/\/newsqr.com.mx\/index.php?rest_route=%2Fwp%2Fv2%2Fcategories&post=22475"},{"taxonomy":"post_tag","embeddable":true,"href":"https:\/\/newsqr.com.mx\/index.php?rest_route=%2Fwp%2Fv2%2Ftags&post=22475"}],"curies":[{"name":"wp","href":"https:\/\/api.w.org\/{rel}","templated":true}]}}