{"id":22502,"date":"2024-04-09T16:53:26","date_gmt":"2024-04-09T21:53:26","guid":{"rendered":"https:\/\/newsqr.com.mx\/?p=22502"},"modified":"2024-04-09T21:53:27","modified_gmt":"2024-04-09T21:53:27","slug":"lopez-obrador-difunde-un-video-del-asalto-a-la-embajada-mexicana-en-quito-a-mexico-se-le-respeta","status":"publish","type":"post","link":"https:\/\/newsqr.com.mx\/?p=22502","title":{"rendered":"L\u00f3pez Obrador difunde un video del asalto a la Embajada mexicana en Quito: \u201cA M\u00e9xico se le respeta\u201d"},"content":{"rendered":"<p>El presidente Andr\u00e9s Manuel L\u00f3pez Obrador ha difundido este martes un video de las c\u00e1maras internas de la Embajada de M\u00e9xico en Quito, que muestran c\u00f3mo fue el asalto de la polic\u00eda ecuatoriana. En las im\u00e1genes, que public\u00f3 el mandatario en su conferencia de prensa matutina, se puede ver c\u00f3mo una docena de agentes armados con fusiles en las manos ingresa a la sede diplom\u00e1tica, maltrata al personal diplom\u00e1tico, le apunta con armas, y se lleva a la fuerza al exvicepresidente Jorge Glas, que se hab\u00eda refugiado all\u00ed y hab\u00eda solicitado asilo al Gobierno mexicano. \u201cA M\u00e9xico se le respeta\u201d, ha dicho el presidente. \u201cNo podemos dejar pasar un asunto as\u00ed. No nos podemos callar, ser\u00eda de pusil\u00e1nimes el que ante un atropello as\u00ed nos qued\u00e1ramos callados y no inform\u00e1ramos al pueblo de M\u00e9xico\u201d.<\/p>\n<p>Las grabaciones que se exhibieron fueron tra\u00eddas a M\u00e9xico por el personal diplom\u00e1tico, que lleg\u00f3 al pa\u00eds el pasado fin de semana luego de que ambos Gobiernos rompieran relaciones.<\/p>\n<p>La irrupci\u00f3n en la Embajada, una especie de espacio sagrado para la pol\u00edtica internacional, qued\u00f3 registrada en las c\u00e1maras internas de seguridad y muestran la brutalidad del asalto. Solo se ha difundido una parte de las im\u00e1genes, ha dicho L\u00f3pez Obrador. Pero se seguir\u00e1 publicando lo que haya quedado registrado, ya que no han tenido tiempo de revisar todo el material, ha explicado.<\/p>\n<p>Un grupo de agentes armados salt\u00f3 primero los muros de la Embajada y luego ingres\u00f3 al edificio venciendo la puerta de la sede diplom\u00e1tica. Uno de los polic\u00edas, seg\u00fan puede verse, encontr\u00f3 en la biblioteca a Roberto Canseco, el jefe de Canciller\u00eda que qued\u00f3 al frente de la misi\u00f3n diplom\u00e1tica despu\u00e9s de que declararan persona non grata a la embajadora Raquel Serur. Se les ve forcejear hasta que llegan m\u00e1s agentes, algunos de ellos con armas en las manos amedrentan al funcionario. Cuatro polic\u00edas sacan a Glas del sitio alzando, uno por cada extremidad.<\/p>\n<p>Mientras dos someten a Canseco, que intenta detener la aprehensi\u00f3n, incluso le tiran al piso. En im\u00e1genes grabadas en otra sala, se puede ver como otros agentes golpean al jefe de Canciller\u00eda con escudos antidisturbios y lo arrastran a la fuerza hasta vencerlo.<\/p>\n<p>\u201cNo se puede usar ninguna excusa para violar el derecho al asilo y el derecho a una embajada en cualquier lugar del mundo\u201d, ha se\u00f1alado L\u00f3pez Obrador, que recibi\u00f3 un masivo apoyo de la comunidad internacional. El mandatario ha asegurado este martes que ning\u00fan Gobierno se atrever\u00eda a semejante acto si no contara con el apoyo de otros pa\u00edses. Por eso han decidido escalar el asunto a la Corte Internacional de Justicia, donde presentar\u00e1n en los pr\u00f3ximos d\u00edas una demanda contra Ecuador. \u201cNo queremos que se siga aplicando en Am\u00e9rica la doctrina Monroe, no queremos que se siga aplicando esa m\u00e1xima de que ese gobernante autoritario es un tal por cual\u201d, ha comentado, \u201ces nuestro tal por cual\u201d. \u201cM\u00e9xico es un pa\u00eds independiente, soberano, y no vamos a permitir el injerencismo de nadie\u201d, ha agregado.<\/p>\n<p>Unas horas antes del asalto a la Embajada, el Gobierno mexicano hab\u00eda otorgado a Glas el asilo pol\u00edtico. Exvicepresidente y mano derecha de Rafael Correa, Glas manej\u00f3 Ecuador durante m\u00e1s de una d\u00e9cada, entre 2007 y 2018. Ahora la justicia le persigue por tres casos de corrupci\u00f3n, que han sido calificados por el correismo como una persecuci\u00f3n judicial.<\/p>\n<p>El exfuncionario pas\u00f3 1.645 d\u00edas detenido en una prisi\u00f3n hasta que en abril de 2022, un juez le concedi\u00f3 una prelibertad por motivos de salud. Su nombre se baraj\u00f3 entre las posibilidades de la candidatura presidencial de 2023, y finalmente fue descartado bajo la idea de que podr\u00edan inhabilitarlo.<\/p>\n<p>Con la llegada del Gobierno de Noboa, Glas buscaba conseguir un salvoconducto que le sirviera para tomarse un avi\u00f3n y comenzar una nueva vida en M\u00e9xico.<\/p>\n","protected":false},"excerpt":{"rendered":"<p>El presidente Andr\u00e9s Manuel L\u00f3pez Obrador ha difundido este martes un video de las c\u00e1maras&#8230;<\/p>\n","protected":false},"author":1,"featured_media":22504,"comment_status":"open","ping_status":"closed","sticky":false,"template":"","format":"standard","meta":{"footnotes":""},"categories":[2],"tags":[],"class_list":["post-22502","post","type-post","status-publish","format-standard","has-post-thumbnail","hentry","category-nacional"],"_links":{"self":[{"href":"https:\/\/newsqr.com.mx\/index.php?rest_route=\/wp\/v2\/posts\/22502","targetHints":{"allow":["GET"]}}],"collection":[{"href":"https:\/\/newsqr.com.mx\/index.php?rest_route=\/wp\/v2\/posts"}],"about":[{"href":"https:\/\/newsqr.com.mx\/index.php?rest_route=\/wp\/v2\/types\/post"}],"author":[{"embeddable":true,"href":"https:\/\/newsqr.com.mx\/index.php?rest_route=\/wp\/v2\/users\/1"}],"replies":[{"embeddable":true,"href":"https:\/\/newsqr.com.mx\/index.php?rest_route=%2Fwp%2Fv2%2Fcomments&post=22502"}],"version-history":[{"count":1,"href":"https:\/\/newsqr.com.mx\/index.php?rest_route=\/wp\/v2\/posts\/22502\/revisions"}],"predecessor-version":[{"id":22503,"href":"https:\/\/newsqr.com.mx\/index.php?rest_route=\/wp\/v2\/posts\/22502\/revisions\/22503"}],"wp:featuredmedia":[{"embeddable":true,"href":"https:\/\/newsqr.com.mx\/index.php?rest_route=\/wp\/v2\/media\/22504"}],"wp:attachment":[{"href":"https:\/\/newsqr.com.mx\/index.php?rest_route=%2Fwp%2Fv2%2Fmedia&parent=22502"}],"wp:term":[{"taxonomy":"category","embeddable":true,"href":"https:\/\/newsqr.com.mx\/index.php?rest_route=%2Fwp%2Fv2%2Fcategories&post=22502"},{"taxonomy":"post_tag","embeddable":true,"href":"https:\/\/newsqr.com.mx\/index.php?rest_route=%2Fwp%2Fv2%2Ftags&post=22502"}],"curies":[{"name":"wp","href":"https:\/\/api.w.org\/{rel}","templated":true}]}}