{"id":22520,"date":"2024-04-10T09:52:27","date_gmt":"2024-04-10T14:52:27","guid":{"rendered":"https:\/\/newsqr.com.mx\/?p=22520"},"modified":"2024-04-10T14:52:28","modified_gmt":"2024-04-10T14:52:28","slug":"papa-francisco-lamenta-la-guerra-esta-en-todas-partes","status":"publish","type":"post","link":"https:\/\/newsqr.com.mx\/?p=22520","title":{"rendered":"Papa Francisco lamenta: \u201cla guerra est\u00e1 en todas partes\u201d"},"content":{"rendered":"<p>El papa Francisco lament\u00f3 este mi\u00e9rcoles \u201cque la guerra est\u00e1 en todas partes\u201d al recordar los conflictos en Ucrania y Gaza, pero tambi\u00e9n crisis como las de Myanmar, durante la audiencia general celebrada en la plaza de San Pedro.<\/p>\n<p>\u201cMi pensamiento va a la martirizara Ucrania y a Palestina e Israel. Que el Se\u00f1or nos d\u00e9 la paz\u201d, fue el llamamiento del papa al final de la audiencia.<\/p>\n<p>Y entonces a\u00f1adi\u00f3: \u201cLa guerra est\u00e1 en todas partes, no olvidemos Myanmar y pidamos al Se\u00f1or la paz.\u201d<\/p>\n<p>\u201cNo olvidemos a estos hermanos y hermanas nuestros que sufren tanto en estos lugares de guerra. Recemos siempre, recemos siempre juntos por la paz\u201d, subray\u00f3 el pont\u00edfice.<\/p>\n<p>En la audiencia del pasado mi\u00e9rcoles, el papa Francisco pidi\u00f3 un minuto de silencio por todos los soldados j\u00f3venes muertos \u201cen la locura de la guerra\u201d y record\u00f3 especialmente a Oleksandre, un combatiente ucraniano de 23 a\u00f1os asesinado en Donetsk (Ucrania, este).<\/p>\n<p>Francisco tambi\u00e9n se refiri\u00f3 el pasado mi\u00e9recoles a la situaci\u00f3n en la Franja de Gaza y renov\u00f3 su llamamiento para \u201cun inmediato alto el fuego\u201d, mientras que en la catequesis asegur\u00f3 que \u201csin justicia no hay paz\u201d y \u201cse generan conflictos\u201d pues \u201cse consagra la ley del fuerte sobre el d\u00e9bil\u201d, lo que \u201cno es justo\u201d.<\/p>\n<p>El papa apareci\u00f3 en buena forma, llego saludando a los miles de fieles presentes en la plaza de San Pedro desde el papam\u00f3vil.<\/p>\n","protected":false},"excerpt":{"rendered":"<p>El papa Francisco lament\u00f3 este mi\u00e9rcoles \u201cque la guerra est\u00e1 en todas partes\u201d al recordar&#8230;<\/p>\n","protected":false},"author":1,"featured_media":22522,"comment_status":"open","ping_status":"closed","sticky":false,"template":"","format":"standard","meta":{"footnotes":""},"categories":[6],"tags":[],"class_list":["post-22520","post","type-post","status-publish","format-standard","has-post-thumbnail","hentry","category-internacional"],"_links":{"self":[{"href":"https:\/\/newsqr.com.mx\/index.php?rest_route=\/wp\/v2\/posts\/22520","targetHints":{"allow":["GET"]}}],"collection":[{"href":"https:\/\/newsqr.com.mx\/index.php?rest_route=\/wp\/v2\/posts"}],"about":[{"href":"https:\/\/newsqr.com.mx\/index.php?rest_route=\/wp\/v2\/types\/post"}],"author":[{"embeddable":true,"href":"https:\/\/newsqr.com.mx\/index.php?rest_route=\/wp\/v2\/users\/1"}],"replies":[{"embeddable":true,"href":"https:\/\/newsqr.com.mx\/index.php?rest_route=%2Fwp%2Fv2%2Fcomments&post=22520"}],"version-history":[{"count":1,"href":"https:\/\/newsqr.com.mx\/index.php?rest_route=\/wp\/v2\/posts\/22520\/revisions"}],"predecessor-version":[{"id":22521,"href":"https:\/\/newsqr.com.mx\/index.php?rest_route=\/wp\/v2\/posts\/22520\/revisions\/22521"}],"wp:featuredmedia":[{"embeddable":true,"href":"https:\/\/newsqr.com.mx\/index.php?rest_route=\/wp\/v2\/media\/22522"}],"wp:attachment":[{"href":"https:\/\/newsqr.com.mx\/index.php?rest_route=%2Fwp%2Fv2%2Fmedia&parent=22520"}],"wp:term":[{"taxonomy":"category","embeddable":true,"href":"https:\/\/newsqr.com.mx\/index.php?rest_route=%2Fwp%2Fv2%2Fcategories&post=22520"},{"taxonomy":"post_tag","embeddable":true,"href":"https:\/\/newsqr.com.mx\/index.php?rest_route=%2Fwp%2Fv2%2Ftags&post=22520"}],"curies":[{"name":"wp","href":"https:\/\/api.w.org\/{rel}","templated":true}]}}