{"id":22532,"date":"2024-04-11T10:06:21","date_gmt":"2024-04-11T15:06:21","guid":{"rendered":"https:\/\/newsqr.com.mx\/?p=22532"},"modified":"2024-04-11T15:06:24","modified_gmt":"2024-04-11T15:06:24","slug":"mexico-pide-suspender-a-ecuador-de-la-onu-si-no-se-disculpa-por-asalto-a-embajada-en-quito","status":"publish","type":"post","link":"https:\/\/newsqr.com.mx\/?p=22532","title":{"rendered":"M\u00e9xico pide suspender a Ecuador de la ONU si no se disculpa por asalto a embajada en Quito"},"content":{"rendered":"<p>El gobierno de M\u00e9xico est\u00e1 pidiendo la suspensi\u00f3n de Ecuador como miembro de Naciones Unidas si no se disculpa por la reciente irrupci\u00f3n en la embajada mexicana en Quito, en una demanda ante la Corte Internacional de Justicia, dijo este jueves la canciller, Alicia B\u00e1rcena.<\/p>\n<p>La entrada por la fuerza el viernes de polic\u00edas y soldados en la sede diplom\u00e1tica mexicana en Ecuador para arrestar al exvicepresidente Jorge Glas, al que M\u00e9xico hab\u00eda concedido asilo pol\u00edtico tras refugiarlo durante meses, caus\u00f3 la ruptura de relaciones bilaterales y la condena internacional.<\/p>\n<p>La funcionaria detall\u00f3 que la demanda ser\u00e1 presentada en el transcurso de la jornada y explic\u00f3 que con ella M\u00e9xico quiere poner a prueba el sistema de justicia internacional para que no se repitan situaciones como la sucedida en la capital ecuatoriana.<\/p>\n<p>Que Ecuador sea declarado responsable del da\u00f1o causado a M\u00e9xico y sus ciudadanos, as\u00ed como la suspensi\u00f3n de aquel pa\u00eds como miembro de la ONU hasta que no emita una disculpa p\u00fablica en la que reconozca las violaciones a los principios y normas fundamentales del derecho internacional, son algunas de las solicitudes en la demanda por el ingreso a la Embajada en dicha naci\u00f3n, ante la Corte Internacional de Justicia.<\/p>\n<p>Adem\u00e1s, M\u00e9xico busca establecer un precedente para futuros casos similares, proponiendo que cualquier Estado que act\u00fae de manera similar a Ecuador sea expulsado de forma definitiva de la ONU.<\/p>\n<p>\u201cEs tan importante evitar la repetici\u00f3n de estos casos que el Tribunal Internacional de Justicia podr\u00e1 presentar la expulsi\u00f3n del estado que viole el derecho internacional de manera r\u00e1pida y expedita ante el Consejo de Seguridad de la ONU, evitando el veto de sus miembros\u201d, dijo la titular de la Secretar\u00eda de Relaciones Exteriores, Alicia B\u00e1rcena, durante la conferencia ma\u00f1anera de este jueves.<\/p>\n<p>Por su parte, el presidente Andr\u00e9s Manuel L\u00f3pez Obrador dijo que no s\u00f3lo busca reparar el da\u00f1o causado a M\u00e9xico, sino tambi\u00e9n sentar un precedente para prevenir futuras violaciones de la Convenci\u00f3n de Viena y fortalecer el sistema de justicia internacional.<\/p>\n<p>El consultor jur\u00eddico de la Secretar\u00eda de Relaciones Exteriores, Alejandro Celorio Alc\u00e1ntara, resaltando las violaciones espec\u00edficas cometidas por Ecuador, incluyendo la violaci\u00f3n de la inmunidad de la embajada mexicana y los ataques contra el personal diplom\u00e1tico.<\/p>\n<p>\u201cEste escrito de demanda que se present\u00f3 ya ante la Corte Internacional de Justicia es una primera etapa en la que se presentan los argumentos iniciales. M\u00e9xico tendr\u00e1 la oportunidad despu\u00e9s de presentar un memorial con informaci\u00f3n mucho m\u00e1s amplia en los pr\u00f3ximos meses. Ecuador, el pa\u00eds que viol\u00f3 la Convenci\u00f3n de Viena y sus relaciones diplom\u00e1ticas, tendr\u00e1 la oportunidad de presentar sus argumentos. Hemos escuchado algunos, somos optimistas\u00bb, dijo Celorio Alc\u00e1ntara<\/p>\n<p>\u201cHemos solicitado medidas provisionales, se\u00f1or Presidente, para que Ecuador garantice la seguridad de nuestro local. Con el rompimiento de las relaciones diplom\u00e1ticas, nuestro local ha quedado vac\u00edo y al interior sus bienes y sus archivos. Es de la mayor importancia que la Corte ordene que Ecuador est\u00e1 obligado a respetar la inviolabilidad de nuestro local, que no se repita la agresi\u00f3n sufrida\u201d, dijo el consultor.<\/p>\n<p>La secretaria de Relaciones Exteriores inform\u00f3 que este 11 de abril tendr\u00eda una cita en la mencionada corte, en la que se present\u00f3 la demanda.<\/p>\n","protected":false},"excerpt":{"rendered":"<p>El gobierno de M\u00e9xico est\u00e1 pidiendo la suspensi\u00f3n de Ecuador como miembro de Naciones Unidas&#8230;<\/p>\n","protected":false},"author":1,"featured_media":22534,"comment_status":"open","ping_status":"closed","sticky":false,"template":"","format":"standard","meta":{"footnotes":""},"categories":[2],"tags":[],"class_list":["post-22532","post","type-post","status-publish","format-standard","has-post-thumbnail","hentry","category-nacional"],"_links":{"self":[{"href":"https:\/\/newsqr.com.mx\/index.php?rest_route=\/wp\/v2\/posts\/22532","targetHints":{"allow":["GET"]}}],"collection":[{"href":"https:\/\/newsqr.com.mx\/index.php?rest_route=\/wp\/v2\/posts"}],"about":[{"href":"https:\/\/newsqr.com.mx\/index.php?rest_route=\/wp\/v2\/types\/post"}],"author":[{"embeddable":true,"href":"https:\/\/newsqr.com.mx\/index.php?rest_route=\/wp\/v2\/users\/1"}],"replies":[{"embeddable":true,"href":"https:\/\/newsqr.com.mx\/index.php?rest_route=%2Fwp%2Fv2%2Fcomments&post=22532"}],"version-history":[{"count":1,"href":"https:\/\/newsqr.com.mx\/index.php?rest_route=\/wp\/v2\/posts\/22532\/revisions"}],"predecessor-version":[{"id":22533,"href":"https:\/\/newsqr.com.mx\/index.php?rest_route=\/wp\/v2\/posts\/22532\/revisions\/22533"}],"wp:featuredmedia":[{"embeddable":true,"href":"https:\/\/newsqr.com.mx\/index.php?rest_route=\/wp\/v2\/media\/22534"}],"wp:attachment":[{"href":"https:\/\/newsqr.com.mx\/index.php?rest_route=%2Fwp%2Fv2%2Fmedia&parent=22532"}],"wp:term":[{"taxonomy":"category","embeddable":true,"href":"https:\/\/newsqr.com.mx\/index.php?rest_route=%2Fwp%2Fv2%2Fcategories&post=22532"},{"taxonomy":"post_tag","embeddable":true,"href":"https:\/\/newsqr.com.mx\/index.php?rest_route=%2Fwp%2Fv2%2Ftags&post=22532"}],"curies":[{"name":"wp","href":"https:\/\/api.w.org\/{rel}","templated":true}]}}