{"id":22535,"date":"2024-04-11T10:20:17","date_gmt":"2024-04-11T15:20:17","guid":{"rendered":"https:\/\/newsqr.com.mx\/?p=22535"},"modified":"2024-04-11T15:20:18","modified_gmt":"2024-04-11T15:20:18","slug":"jorge-glas-exvicepresidente-de-ecuador-agradece-a-mexico-por-asilo","status":"publish","type":"post","link":"https:\/\/newsqr.com.mx\/?p=22535","title":{"rendered":"Jorge Glas, exvicepresidente de Ecuador, agradece a M\u00e9xico por asilo"},"content":{"rendered":"<p>Jorge Glas, exvicepresidente de Ecuador, detenido en el allanamiento el pasado 5 de abril en la Embajada de M\u00e9xico en Quito, agradeci\u00f3 al Gobierno de M\u00e9xico por ofrecerle asilo pol\u00edtico.<\/p>\n<p>Lo anterior fue detallado por su abogada Sonia Gabriela Vera, a quien Glas le detall\u00f3 la manera en que fue detenido en la sede diplom\u00e1tica mexicana.<\/p>\n<p>El asilo no me dio la libertad, pero me dio la dignidad de ser un perseguido pol\u00edtico\u201d, detall\u00f3.<\/p>\n<p>Glas cont\u00f3 la manera en que agentes policiacos de Ecuador lo sometieron en la Embajada mexicana en Ecuador.<\/p>\n<p>\u201cLo vuelven a filmar. Para hacer un amague me sientan. Yo estaba todo apaleado y me ponen nuevamente a leerme los derechos. Me sientan y yo me desvanezco y todav\u00eda me dicen \u2018p\u00e1rese, p\u00e1rese\u2019. Y yo trataba de pararme, pero no pod\u00eda por la paliza que me hab\u00edan dado\u201d, detall\u00f3.<\/p>\n<p>\u201cQue bueno que el presidente Andr\u00e9s Manuel L\u00f3pez Obrador difundi\u00f3 las im\u00e1genes\u201d, puntualiz\u00f3.<\/p>\n<p>El exvicepresidente de Ecuador durante el mandato presidencial de Rafael Correa, al que la Polic\u00eda detuvo el pasado viernes al asaltar la Embajada de M\u00e9xico donde recibi\u00f3 asilo por parte del Gobierno mexicano, inici\u00f3 una huelga de hambre en la c\u00e1rcel, seg\u00fan confirm\u00f3 su abogada.<\/p>\n<p>En un mensaje en redes sociales, Vera indic\u00f3 que el equipo legal que lleva la defensa de Glas \u201cfinalmente\u201d pudo tomar contacto con el exvicepresidente, que se encuentra recluido en La Roca, la c\u00e1rcel de m\u00e1xima seguridad de Ecuador, situada en la ciudad de Guayaquil.<\/p>\n<p>El lunes, Glas fue hospitalizado de emergencia tras una aparente descompensaci\u00f3n que, seg\u00fan un parte policial al que tuvo acceso la defensa, pudo estar causada por una sobredosis de medicamentos, mientras que las autoridades penitenciarias lo atribuyeron a su negativa a ingerir alimentos.<\/p>\n<p>Glas se encontraba en la Embajada de M\u00e9xico en Quito desde el 17 de diciembre de 2023, a donde hab\u00eda ingresado en calidad de hu\u00e9sped para despu\u00e9s solicitar asilo al declararse un perseguido pol\u00edtico y v\u00edctima de \u2018lawfare\u2019 (utilizaci\u00f3n del aparato judicial contra adversarios pol\u00edticos), lo que el Gobierno ecuatoriano rechaza enf\u00e1ticamente.<\/p>\n<p>El exvicepresidente, que ocup\u00f3 el cargo durante el mandato presidencial de Rafael Correa (2007-2017) y a inicios tambi\u00e9n de la administraci\u00f3n de Len\u00edn Moreno (2017-2021), ten\u00eda una orden de detenci\u00f3n para su reingreso en prisi\u00f3n, al encontrarse imputado por el presunto delito de peculado (malversaci\u00f3n de fondos p\u00fablicos) en el caso de la reconstrucci\u00f3n tras el terremoto de 2016.<\/p>\n","protected":false},"excerpt":{"rendered":"<p>Jorge Glas, exvicepresidente de Ecuador, detenido en el allanamiento el pasado 5 de abril en&#8230;<\/p>\n","protected":false},"author":1,"featured_media":22537,"comment_status":"open","ping_status":"closed","sticky":false,"template":"","format":"standard","meta":{"footnotes":""},"categories":[6],"tags":[],"class_list":["post-22535","post","type-post","status-publish","format-standard","has-post-thumbnail","hentry","category-internacional"],"_links":{"self":[{"href":"https:\/\/newsqr.com.mx\/index.php?rest_route=\/wp\/v2\/posts\/22535","targetHints":{"allow":["GET"]}}],"collection":[{"href":"https:\/\/newsqr.com.mx\/index.php?rest_route=\/wp\/v2\/posts"}],"about":[{"href":"https:\/\/newsqr.com.mx\/index.php?rest_route=\/wp\/v2\/types\/post"}],"author":[{"embeddable":true,"href":"https:\/\/newsqr.com.mx\/index.php?rest_route=\/wp\/v2\/users\/1"}],"replies":[{"embeddable":true,"href":"https:\/\/newsqr.com.mx\/index.php?rest_route=%2Fwp%2Fv2%2Fcomments&post=22535"}],"version-history":[{"count":1,"href":"https:\/\/newsqr.com.mx\/index.php?rest_route=\/wp\/v2\/posts\/22535\/revisions"}],"predecessor-version":[{"id":22536,"href":"https:\/\/newsqr.com.mx\/index.php?rest_route=\/wp\/v2\/posts\/22535\/revisions\/22536"}],"wp:featuredmedia":[{"embeddable":true,"href":"https:\/\/newsqr.com.mx\/index.php?rest_route=\/wp\/v2\/media\/22537"}],"wp:attachment":[{"href":"https:\/\/newsqr.com.mx\/index.php?rest_route=%2Fwp%2Fv2%2Fmedia&parent=22535"}],"wp:term":[{"taxonomy":"category","embeddable":true,"href":"https:\/\/newsqr.com.mx\/index.php?rest_route=%2Fwp%2Fv2%2Fcategories&post=22535"},{"taxonomy":"post_tag","embeddable":true,"href":"https:\/\/newsqr.com.mx\/index.php?rest_route=%2Fwp%2Fv2%2Ftags&post=22535"}],"curies":[{"name":"wp","href":"https:\/\/api.w.org\/{rel}","templated":true}]}}