{"id":22631,"date":"2024-04-17T10:47:03","date_gmt":"2024-04-17T15:47:03","guid":{"rendered":"https:\/\/newsqr.com.mx\/?p=22631"},"modified":"2024-04-17T15:47:05","modified_gmt":"2024-04-17T15:47:05","slug":"netanyahu-advierte-que-nadie-impondra-a-israel-su-respuesta-a-ataque-irani","status":"publish","type":"post","link":"https:\/\/newsqr.com.mx\/?p=22631","title":{"rendered":"Netanyahu advierte que nadie impondr\u00e1 a Israel su respuesta a ataque iran\u00ed"},"content":{"rendered":"<p>El primer ministro de Israel, Benjam\u00edn Netanyahu, avis\u00f3, al inicio de una reuni\u00f3n del Gobierno, que nadie le va imponer qu\u00e9 decisi\u00f3n debe tomar sobre la respuesta de Israel, tras el ataque de Ir\u00e1n con m\u00e1s de 300 proyectiles, aunque agradeci\u00f3 las propuestas de sus principales socios.<\/p>\n<p>\u201cAgradezco a nuestros amigos por su apoyo en la defensa de Israel y todos sus consejos. Pero quiero ser claro: tomaremos nuestras decisiones nosotros mismos. El Estado de Israel har\u00e1 todo lo necesario para defenderse\u201d, indic\u00f3.<\/p>\n<p>El mandatario israel\u00ed hizo estas declaraciones tras reunirse en su oficina de Jerusal\u00e9n con el ministro de Asuntos Exteriores brit\u00e1nico, David Cameron; y su hom\u00f3loga alemana, Annalena Baerbock, a quienes tambi\u00e9n insisti\u00f3 en que el Estado hebreo debe preservar su derecho a la autodefensa, tras la oleada de ataques que lanz\u00f3 Teher\u00e1n la madrugada del s\u00e1bado al domingo.<\/p>\n<p>\u201cTambi\u00e9n anoche mantuve una conversaci\u00f3n telef\u00f3nica con el primer ministro brit\u00e1nico, Rishi Sunak y pronto hablar\u00e9 con otros l\u00edderes\u201d, detall\u00f3 Netanyahu.<\/p>\n<p>Sobre esta llamada telef\u00f3nica, un portavoz de Downing Street, oficina del jefe de Gobierno de Reino Unido, explic\u00f3 que Sunak le reiter\u00f3 a Netanyahu su \u201cfirme apoyo\u201d, pero al tiempo subray\u00f3 que \u201cuna escalada importante no va en inter\u00e9s de nadie y solo profundizar\u00eda la inseguridad en Medio Oriente\u201d.<\/p>\n<p>La comunidad internacional espera que la respuesta de Tel Aviv contra Teher\u00e1n no agrave el conflicto en una regi\u00f3n ya marcada por la devastadora guerra en Gaza y con un intercambio de fuego diario entre Israel y Hizbul\u00e1 en la frontera norte del pa\u00eds.<\/p>\n<p>La ofensiva israel\u00ed ha causado ya 33 mil 899 muertos y 76 mil 664 heridos, en el enclave despu\u00e9s de que al menos 56 personas perecieran en las \u00faltimas 24 horas y otras 89 resultaran heridas en ataques del Ej\u00e9rcito israel\u00ed, inform\u00f3 el Ministerio de Sanidad gazat\u00ed.<\/p>\n","protected":false},"excerpt":{"rendered":"<p>El primer ministro de Israel, Benjam\u00edn Netanyahu, avis\u00f3, al inicio de una reuni\u00f3n del Gobierno,&#8230;<\/p>\n","protected":false},"author":1,"featured_media":22633,"comment_status":"open","ping_status":"closed","sticky":false,"template":"","format":"standard","meta":{"footnotes":""},"categories":[6],"tags":[],"class_list":["post-22631","post","type-post","status-publish","format-standard","has-post-thumbnail","hentry","category-internacional"],"_links":{"self":[{"href":"https:\/\/newsqr.com.mx\/index.php?rest_route=\/wp\/v2\/posts\/22631","targetHints":{"allow":["GET"]}}],"collection":[{"href":"https:\/\/newsqr.com.mx\/index.php?rest_route=\/wp\/v2\/posts"}],"about":[{"href":"https:\/\/newsqr.com.mx\/index.php?rest_route=\/wp\/v2\/types\/post"}],"author":[{"embeddable":true,"href":"https:\/\/newsqr.com.mx\/index.php?rest_route=\/wp\/v2\/users\/1"}],"replies":[{"embeddable":true,"href":"https:\/\/newsqr.com.mx\/index.php?rest_route=%2Fwp%2Fv2%2Fcomments&post=22631"}],"version-history":[{"count":1,"href":"https:\/\/newsqr.com.mx\/index.php?rest_route=\/wp\/v2\/posts\/22631\/revisions"}],"predecessor-version":[{"id":22632,"href":"https:\/\/newsqr.com.mx\/index.php?rest_route=\/wp\/v2\/posts\/22631\/revisions\/22632"}],"wp:featuredmedia":[{"embeddable":true,"href":"https:\/\/newsqr.com.mx\/index.php?rest_route=\/wp\/v2\/media\/22633"}],"wp:attachment":[{"href":"https:\/\/newsqr.com.mx\/index.php?rest_route=%2Fwp%2Fv2%2Fmedia&parent=22631"}],"wp:term":[{"taxonomy":"category","embeddable":true,"href":"https:\/\/newsqr.com.mx\/index.php?rest_route=%2Fwp%2Fv2%2Fcategories&post=22631"},{"taxonomy":"post_tag","embeddable":true,"href":"https:\/\/newsqr.com.mx\/index.php?rest_route=%2Fwp%2Fv2%2Ftags&post=22631"}],"curies":[{"name":"wp","href":"https:\/\/api.w.org\/{rel}","templated":true}]}}