{"id":22703,"date":"2024-04-21T12:38:47","date_gmt":"2024-04-21T17:38:47","guid":{"rendered":"https:\/\/newsqr.com.mx\/?p=22703"},"modified":"2024-04-21T17:38:49","modified_gmt":"2024-04-21T17:38:49","slug":"iglesia-llama-a-participar-de-forma-responsable-en-jornada-electoral-pide-elecciones-en-paz","status":"publish","type":"post","link":"https:\/\/newsqr.com.mx\/?p=22703","title":{"rendered":"Iglesia llama a participar de forma responsable en jornada electoral; pide elecciones en paz"},"content":{"rendered":"<p>La Iglesia Cat\u00f3lica en su editorial Desde la Fe enfatiz\u00f3 que el proceso electoral es uno de los desaf\u00edos m\u00e1s importantes en este 2024, por lo que han exhortado a todos los mayores de 18 a\u00f1os a participar de forma responsable, adem\u00e1s que estos comicios sean: pac\u00edficos, conscientes, fiables y con resultados veraces.<\/p>\n<p>\u201cLos obispos mexicanos han exhortado al pueblo creyente a elevar sus plegarias para que el proceso electoral se realice en paz y traiga resultados favorables para el bien del pa\u00eds\u201d, se\u00f1al\u00f3 el clero.<\/p>\n<p>Los obispos que se encuentran en el pa\u00eds han hecho un llamado el domingo 26 de mayo, una semana antes de las elecciones, con el prop\u00f3sito que en todos los templos se lleve a cabo una \u201cJornada nacional de oraci\u00f3n por el proceso electoral\u201d.<\/p>\n<p>El objetivo de esta iniciativa es que en todas las iglesias se realice esta jornada de oraci\u00f3n y se le d\u00e9 especial relevancia en las catedrales, santuarios y bas\u00edlicas, de manera particular en la Bas\u00edlica de Guadalupe.<\/p>\n<p>Tambi\u00e9n la iglesia convoc\u00f3 a una velada de oraci\u00f3n la noche del jueves 23 al viernes 24 de mayo en la Bas\u00edlica de Guadalupe.<\/p>\n<p>Asimismo, el pr\u00f3ximo 7 de mayo se realizar\u00e1 una \u201cOraci\u00f3n interreligiosa por la paz\u201d. Este evento tendr\u00e1 lugar en la Antigua Bas\u00edlica de Guadalupe, hoy templo expiatorio a Cristo Rey.<\/p>\n<p>\u201cInvitamos, pues, a todas las personas creyentes a sumarse con su oraci\u00f3n en este momento desafiante de la historia, pues estamos convencidos de que la oraci\u00f3n reconcilia y hermana, nos permite compartir sue\u00f1os y trabajar juntos, pero, sobre todo, nos infundir\u00e1 la fuerza para promover la paz que tanto necesita M\u00e9xico y cumplir con nuestra responsabilidad de ir a las urnas a votar por el bien de nuestro pueblo\u201d, dijo el clero.<\/p>\n<p>&nbsp;<\/p>\n","protected":false},"excerpt":{"rendered":"<p>La Iglesia Cat\u00f3lica en su editorial Desde la Fe enfatiz\u00f3 que el proceso electoral es&#8230;<\/p>\n","protected":false},"author":1,"featured_media":22705,"comment_status":"open","ping_status":"closed","sticky":false,"template":"","format":"standard","meta":{"footnotes":""},"categories":[2],"tags":[],"class_list":["post-22703","post","type-post","status-publish","format-standard","has-post-thumbnail","hentry","category-nacional"],"_links":{"self":[{"href":"https:\/\/newsqr.com.mx\/index.php?rest_route=\/wp\/v2\/posts\/22703","targetHints":{"allow":["GET"]}}],"collection":[{"href":"https:\/\/newsqr.com.mx\/index.php?rest_route=\/wp\/v2\/posts"}],"about":[{"href":"https:\/\/newsqr.com.mx\/index.php?rest_route=\/wp\/v2\/types\/post"}],"author":[{"embeddable":true,"href":"https:\/\/newsqr.com.mx\/index.php?rest_route=\/wp\/v2\/users\/1"}],"replies":[{"embeddable":true,"href":"https:\/\/newsqr.com.mx\/index.php?rest_route=%2Fwp%2Fv2%2Fcomments&post=22703"}],"version-history":[{"count":1,"href":"https:\/\/newsqr.com.mx\/index.php?rest_route=\/wp\/v2\/posts\/22703\/revisions"}],"predecessor-version":[{"id":22704,"href":"https:\/\/newsqr.com.mx\/index.php?rest_route=\/wp\/v2\/posts\/22703\/revisions\/22704"}],"wp:featuredmedia":[{"embeddable":true,"href":"https:\/\/newsqr.com.mx\/index.php?rest_route=\/wp\/v2\/media\/22705"}],"wp:attachment":[{"href":"https:\/\/newsqr.com.mx\/index.php?rest_route=%2Fwp%2Fv2%2Fmedia&parent=22703"}],"wp:term":[{"taxonomy":"category","embeddable":true,"href":"https:\/\/newsqr.com.mx\/index.php?rest_route=%2Fwp%2Fv2%2Fcategories&post=22703"},{"taxonomy":"post_tag","embeddable":true,"href":"https:\/\/newsqr.com.mx\/index.php?rest_route=%2Fwp%2Fv2%2Ftags&post=22703"}],"curies":[{"name":"wp","href":"https:\/\/api.w.org\/{rel}","templated":true}]}}