{"id":22733,"date":"2024-04-23T12:08:51","date_gmt":"2024-04-23T17:08:51","guid":{"rendered":"https:\/\/newsqr.com.mx\/?p=22733"},"modified":"2024-04-23T17:08:52","modified_gmt":"2024-04-23T17:08:52","slug":"compania-alemana-invertira-119-millones-de-pesos-en-queretaro","status":"publish","type":"post","link":"https:\/\/newsqr.com.mx\/?p=22733","title":{"rendered":"Compa\u00f1\u00eda alemana invertir\u00e1 119 millones de pesos en Quer\u00e9taro"},"content":{"rendered":"<p>Quer\u00e9taro, Qro. Schunk, compa\u00f1\u00eda alemana de tecnolog\u00eda, anunci\u00f3 que invertir\u00e1 119.2 millones de pesos en la planta que opera en Quer\u00e9taro.<\/p>\n<p>El proyecto de inversi\u00f3n se centrar\u00e1 en el desarrollo de sistemas de agarre y tecnolog\u00eda de sujeci\u00f3n para la ingenier\u00eda mec\u00e1nica tradicional.<\/p>\n<p>La inversi\u00f3n fue anunciada en el marco de la feria industrial Hannover Messe 2024, que se realiza en Alemania, donde participa una comitiva de servidores p\u00fablicos y empresarios de Quer\u00e9taro.<\/p>\n<p>La CEO de Schunk, Kristina Schunk, explic\u00f3 que en primera instancia generar\u00e1n 250 empleos que requieren una elevada profesionalizaci\u00f3n. Adem\u00e1s, est\u00e1n en la b\u00fasqueda de capital humano, y destac\u00f3 el ecosistema local en materia educativa.<\/p>\n<p>Tambi\u00e9n expuso que la empresa inici\u00f3 actividad en el estado en el 2000, pero hace siete a\u00f1os invirtieron en un proyecto que logr\u00f3 su consolidaci\u00f3n.<\/p>\n<p>\u201cEmpezamos en Quer\u00e9taro en el 2000 y hace siete a\u00f1os decidimos hacer una inversi\u00f3n mayor (&#8230;) Ser muy cercanos con nuestros clientes, y por eso, hemos decidido hacer otra inversi\u00f3n muy grande en nuestra planta, donde tenemos diferentes disciplinas, desde ingenier\u00eda hasta ventas y producci\u00f3n\u201d, apunt\u00f3.<\/p>\n<p>Durante el encuentro con la comitiva, directivos de la firma externaron detalles del proyecto, aunado a las necesidades que tendr\u00e1n en el corto y mediano plazo.<\/p>\n<p>Tambi\u00e9n plantearon inter\u00e9s por establecer estrategias de cooperaci\u00f3n bilateral para incidir en el crecimiento de la empresa y del ecosistema industrial del estado.<\/p>\n<p>El gobernador de Quer\u00e9taro, Mauricio Kuri Gonz\u00e1lez, hizo referencia al premio Hermes que la compa\u00f1\u00eda recibi\u00f3 durante la inauguraci\u00f3n de la Hannover Messe; adem\u00e1s, subray\u00f3 los procesos de innovaci\u00f3n y desarrollo tecnol\u00f3gico que impregna la firma en sus sistemas de robots.<\/p>\n<p>El galard\u00f3n distingue a productos o soluciones que se caracterizan por un elevado nivel de innovaci\u00f3n tecnol\u00f3gica; en ese sentido, la firma fue reconocida por el proyecto 2D Grasping Kit: un kit de aplicaci\u00f3n consta de una c\u00e1mara con lente, un PC industrial, software de inteligencia artificial y una pinza para aplicaciones espec\u00edficas.<\/p>\n<p>La novedad del proyecto reside en el modelado gen\u00e9rico basado en IA de variantes de componentes y la transferencia a un conjunto de datos de entrenamiento m\u00e1s peque\u00f1o, lo que reduce los tiempos de aprendizaje para el reconocimiento.<\/p>\n<p>En tanto, la compa\u00f1\u00eda ha prove\u00eddo a la industria de tecnolog\u00eda m\u00e9dica y de automatizaci\u00f3n de laboratorio de productos est\u00e1ndar y soluciones personalizadas.<\/p>\n<p>Presencia en Hannover Messe<br \/>\nEn este contexto, Quer\u00e9taro participa en la Hannover Messe 2024, que se realiza del 22 al 26 de abril; la entidad es parte del pabell\u00f3n de M\u00e9xico, junto con otras entidades que acuden en colaboraci\u00f3n con la Asociaci\u00f3n Mexicana de Secretarios de Desarrollo Econ\u00f3mico.<\/p>\n<p>Esta feria se define como la plataforma internacional m\u00e1s importante y el punto de encuentro para la transformaci\u00f3n industrial, debido a que se exponen innovaciones y productos inusuales.<\/p>\n<p>Dentro del primer d\u00eda de actividades en la Hannover Messe, el gobernador de Quer\u00e9taro sostuvo una reuni\u00f3n con el presidente de la C\u00e1mara Nacional del Autotransporte de Carga (Canacar), Miguel \u00c1ngel Mart\u00ednez Mill\u00e1n, para crear estrategias de cooperaci\u00f3n que fortalezcan al sector y las operaciones de esta industria en la entidad.<\/p>\n<p>Al respecto, el presidente de la c\u00e1mara expuso en sus redes sociales que en la reuni\u00f3n hablaron de la relevancia del sector en el estado.<\/p>\n","protected":false},"excerpt":{"rendered":"<p>Quer\u00e9taro, Qro. Schunk, compa\u00f1\u00eda alemana de tecnolog\u00eda, anunci\u00f3 que invertir\u00e1 119.2 millones de pesos en&#8230;<\/p>\n","protected":false},"author":1,"featured_media":22735,"comment_status":"open","ping_status":"closed","sticky":false,"template":"","format":"standard","meta":{"footnotes":""},"categories":[2],"tags":[],"class_list":["post-22733","post","type-post","status-publish","format-standard","has-post-thumbnail","hentry","category-nacional"],"_links":{"self":[{"href":"https:\/\/newsqr.com.mx\/index.php?rest_route=\/wp\/v2\/posts\/22733","targetHints":{"allow":["GET"]}}],"collection":[{"href":"https:\/\/newsqr.com.mx\/index.php?rest_route=\/wp\/v2\/posts"}],"about":[{"href":"https:\/\/newsqr.com.mx\/index.php?rest_route=\/wp\/v2\/types\/post"}],"author":[{"embeddable":true,"href":"https:\/\/newsqr.com.mx\/index.php?rest_route=\/wp\/v2\/users\/1"}],"replies":[{"embeddable":true,"href":"https:\/\/newsqr.com.mx\/index.php?rest_route=%2Fwp%2Fv2%2Fcomments&post=22733"}],"version-history":[{"count":1,"href":"https:\/\/newsqr.com.mx\/index.php?rest_route=\/wp\/v2\/posts\/22733\/revisions"}],"predecessor-version":[{"id":22734,"href":"https:\/\/newsqr.com.mx\/index.php?rest_route=\/wp\/v2\/posts\/22733\/revisions\/22734"}],"wp:featuredmedia":[{"embeddable":true,"href":"https:\/\/newsqr.com.mx\/index.php?rest_route=\/wp\/v2\/media\/22735"}],"wp:attachment":[{"href":"https:\/\/newsqr.com.mx\/index.php?rest_route=%2Fwp%2Fv2%2Fmedia&parent=22733"}],"wp:term":[{"taxonomy":"category","embeddable":true,"href":"https:\/\/newsqr.com.mx\/index.php?rest_route=%2Fwp%2Fv2%2Fcategories&post=22733"},{"taxonomy":"post_tag","embeddable":true,"href":"https:\/\/newsqr.com.mx\/index.php?rest_route=%2Fwp%2Fv2%2Ftags&post=22733"}],"curies":[{"name":"wp","href":"https:\/\/api.w.org\/{rel}","templated":true}]}}