{"id":22748,"date":"2024-04-24T09:21:25","date_gmt":"2024-04-24T14:21:25","guid":{"rendered":"https:\/\/newsqr.com.mx\/?p=22748"},"modified":"2024-04-24T14:21:32","modified_gmt":"2024-04-24T14:21:32","slug":"latin-grammy-respetan-el-corrido-belico","status":"publish","type":"post","link":"https:\/\/newsqr.com.mx\/?p=22748","title":{"rendered":"Latin Grammy: respetan el corrido b\u00e9lico"},"content":{"rendered":"<p>La Academia Latina de la Grabaci\u00f3n est\u00e1 de manteles largos, pues este a\u00f1o celebra 25 a\u00f1os de impulsar la m\u00fasica en el mundo entero con el Latin Grammy.<\/p>\n<p>Pero a medida que la m\u00fasica en espa\u00f1ol ha evolucionado, la Academia tambi\u00e9n se adapta. y eso implica no s\u00f3lo abrirse a nuevos g\u00e9neros como el corrido tumbado, sino tambi\u00e9n ampliar sus categor\u00edas como Mejor interpretaci\u00f3n de m\u00fasica electr\u00f3nica latina y Mejor \u00e1lbum de m\u00fasica mexicana contempor\u00e1nea.<\/p>\n<p>Es un proceso bastante complejo, porque queremos ser un cuidadosos de no llenarnos de categor\u00edas que a los dos a\u00f1os se declaren desiertas y eso lo vemos todo el tiempo con las modas. Con \u00e9stas vienen nuevos estilos que todos creemos que ya son dignos de una nueva categor\u00eda y, al rato, te das cuenta de que no.<\/p>\n<p>&nbsp;<\/p>\n<p>En el caso de la categor\u00eda de la m\u00fasica mexicana yo creo que no hace falta contarle a nadie la evoluci\u00f3n que ha vivido y lo dif\u00edcil que ha sido de mantener todas estas nuevas tendencias en las categor\u00edas, por decirlo as\u00ed, tradicionales como la ranchera, mariachi, la banda, la tejana o la norte\u00f1a. Pero si se ponen a ver lo que est\u00e1 pasando hoy con la m\u00fasica mexicana, que es una cosa espectacular y digna de sentirnos muy orgullosos, es dif\u00edcil encasillar (lo nuevo) en cualquiera de ellas.<\/p>\n<p>Entonces, llegamos a la conclusi\u00f3n de tener una categor\u00eda que le permitiera a estos nuevos m\u00fasicos tener un sitio que no nos obligara a ser norte\u00f1os o rancheros, porque t\u00fa imag\u00ednate cualquiera de estos muchachos (Natanael Cano, Junior H, Peso Pluma) que est\u00e1n ahorita en los top en la categor\u00eda norte\u00f1a, pues no\u201d, celebr\u00f3 Manuel Abud, CEO de la Academia Latina de la Grabaci\u00f3n, en conferencia de prensa.<\/p>\n<p>Al ser algo nuevo, a\u00fan tiene mucho que ajustar, pues hay quienes consideran que deber\u00eda haber m\u00e1s filtros para el tipo de m\u00fasica y letras que se premian, sobre todo con la controversia que han creado los corridos tumbados con l\u00edricas se\u00f1aladas como inapropiadas, as\u00ed como ha sucedido en otros g\u00e9neros como el reguet\u00f3n y el hip hop.<\/p>\n<p>Abud se dijo confiado en que la industria y la sociedad van poniendo sus propias limitantes, aunque tambi\u00e9n se dijo abierto a seguir planeando mejores estrategias para que lo que llegue a ser premiado cuente con la calidad correcta para ser enaltecido como algo de valor.<\/p>\n<p>Tenemos que ser muy cuidadosos de no caer en una posici\u00f3n moralista, porque somos m\u00fasica, reconocemos la excelencia musical y son nuestros miembros los que, a trav\u00e9s de nuestros comit\u00e9s y con su voto, deciden lo que es digno de reconocerse como tal o no.<\/p>\n<p>Yo coincido en que hay letras que no me gustar\u00eda en lo personal festejar, pero hay que respetar la expresi\u00f3n art\u00edstica, porque, a lo mejor, hace muchos a\u00f1os a alguien no le hubiera gustado un desnudo en una pintura y sin embargo, hubo vanguardistas del arte que lo respetaron y lo dejaron. Nuestra responsabilidad es dar el espacio a la expresi\u00f3n creativa\u201d, destac\u00f3.<\/p>\n<p>En el marco de un aniversario tan especial ya empezaron las celebraciones y seguir\u00e1n con diferentes actividades y conciertos camino a la gran noche que regresar\u00e1 a Miami, llev\u00e1ndose a cabo el pr\u00f3ximo 14 de noviembre desde el Kaseya Center.<\/p>\n<p>Ser\u00e1 la tercera ocasi\u00f3n que los premios lleguen a este lugar considerado como su casa, pero con una reciente edici\u00f3n en Sevilla, no descartan que muy pronto la sede se abra tambi\u00e9n a Latinoam\u00e9rica.<\/p>\n<p>En cuanto a la posibilidad de venir a M\u00e9xico, por supuesto que s\u00ed hemos querido, no queremos que Sevilla sea nada m\u00e1s un experimento o como si nos hubi\u00e9ramos ido un d\u00eda de campo, sino que sea parte de toda la estrategia de desarrollo internacional de la Academia (para mover la sede a otros espacios).<\/p>\n<p>Una vez ya anunciado Miami, vamos a iniciar con una convocatoria formal con varias ciudades, que ya nos han expresado su inter\u00e9s, tanto ciudades en M\u00e9xico como en otros pa\u00edses. La idea es que, probablemente, el a\u00f1o que entra o si no el que sigue, volver a a salir, pero de lo que depende es de que se alineen varios factores\u201d, se\u00f1al\u00f3.<\/p>\n<p>Para poder considerarse sede de los Latin Grammy, Abud coment\u00f3 que debe existir la infraestructura ideal y la apertura tanto de la industria como del gobierno local para recibir a todos los orquestadores de un evento de ese calibre, asegurando que M\u00e9xico tiene gran potencial para ello.<\/p>\n","protected":false},"excerpt":{"rendered":"<p>La Academia Latina de la Grabaci\u00f3n est\u00e1 de manteles largos, pues este a\u00f1o celebra 25&#8230;<\/p>\n","protected":false},"author":1,"featured_media":22750,"comment_status":"open","ping_status":"closed","sticky":false,"template":"","format":"standard","meta":{"footnotes":""},"categories":[3],"tags":[],"class_list":["post-22748","post","type-post","status-publish","format-standard","has-post-thumbnail","hentry","category-espectaculos"],"_links":{"self":[{"href":"https:\/\/newsqr.com.mx\/index.php?rest_route=\/wp\/v2\/posts\/22748","targetHints":{"allow":["GET"]}}],"collection":[{"href":"https:\/\/newsqr.com.mx\/index.php?rest_route=\/wp\/v2\/posts"}],"about":[{"href":"https:\/\/newsqr.com.mx\/index.php?rest_route=\/wp\/v2\/types\/post"}],"author":[{"embeddable":true,"href":"https:\/\/newsqr.com.mx\/index.php?rest_route=\/wp\/v2\/users\/1"}],"replies":[{"embeddable":true,"href":"https:\/\/newsqr.com.mx\/index.php?rest_route=%2Fwp%2Fv2%2Fcomments&post=22748"}],"version-history":[{"count":1,"href":"https:\/\/newsqr.com.mx\/index.php?rest_route=\/wp\/v2\/posts\/22748\/revisions"}],"predecessor-version":[{"id":22749,"href":"https:\/\/newsqr.com.mx\/index.php?rest_route=\/wp\/v2\/posts\/22748\/revisions\/22749"}],"wp:featuredmedia":[{"embeddable":true,"href":"https:\/\/newsqr.com.mx\/index.php?rest_route=\/wp\/v2\/media\/22750"}],"wp:attachment":[{"href":"https:\/\/newsqr.com.mx\/index.php?rest_route=%2Fwp%2Fv2%2Fmedia&parent=22748"}],"wp:term":[{"taxonomy":"category","embeddable":true,"href":"https:\/\/newsqr.com.mx\/index.php?rest_route=%2Fwp%2Fv2%2Fcategories&post=22748"},{"taxonomy":"post_tag","embeddable":true,"href":"https:\/\/newsqr.com.mx\/index.php?rest_route=%2Fwp%2Fv2%2Ftags&post=22748"}],"curies":[{"name":"wp","href":"https:\/\/api.w.org\/{rel}","templated":true}]}}