{"id":22763,"date":"2024-04-25T10:32:29","date_gmt":"2024-04-25T15:32:29","guid":{"rendered":"https:\/\/newsqr.com.mx\/?p=22763"},"modified":"2024-04-25T15:32:31","modified_gmt":"2024-04-25T15:32:31","slug":"murio-memo-rosales-productor-de-sale-el-sol","status":"publish","type":"post","link":"https:\/\/newsqr.com.mx\/?p=22763","title":{"rendered":"Muri\u00f3 Memo Rosales, productor de &#8216;Sale el Sol&#8217;"},"content":{"rendered":"<p>La ma\u00f1ana de este 24 de abril Ana Mar\u00eda Alvarado, conductora de \u201cSale el Sol\u201d, dio a conocer la muerte de Memo Rosales, quien era productor asociado del programa. Fue por medio de su cuenta de X, antes Twitter, que la periodista dio a conocer el fallecimiento del productor.<\/p>\n<p>\u201cCon el coraz\u00f3n partido, me entero que nuestro querido productor Memo Rosales, quien trabajaba en @saleelsoltv falleci\u00f3. No lo puedo creer. Un gran ser humano, en la ma\u00f1ana estuvo en el programa. Descanse en paz\u201d.<\/p>\n<p>Al inicio \u201cSale el Sol\u201d tambi\u00e9n se inform\u00f3 sobre la muerte de Guillermo Rosales Estrada, quien en el 2022 comenz\u00f3 a trabajar en el matutino.<\/p>\n<p>&nbsp;<\/p>\n<p>Conductores de Sale el Sol se despiden de Memo Rosales<br \/>\nAl comienzo de \u201cSale el Sol\u201d, los conductores dedicaron unas palabras a Memo Rosales y algunos de ellos no pudieron contener las l\u00e1grimas al despedirse del productor.<\/p>\n<p>Jean Duverger, visiblemente conmovido, agradeci\u00f3 a Memo Rosales por la pasi\u00f3n que les transmiti\u00f3 al trabajar juntos.<\/p>\n<p>\u201cGracias por transmitirnos tu pasi\u00f3n y gracias por el placer de compartir y poderte aprender. Eras un maestro de la televisi\u00f3n y de la vida; un gran amigo. Abrazamos a tus padres, con mucho respeto, a tus mayores tesoros, tus hijas, que ah\u00ed vamos a estar con ellas, Memo, te lo prometo\u201d, dijo el conductor llorando.<\/p>\n<p>Por otra parte, Joanna Vega-Biestro tambi\u00e9n le dedic\u00f3 unas palabras al productor.<\/p>\n<p>\u201cEs bien dif\u00edcil. Sus hijas que sab\u00edamos eran su adoraci\u00f3n. Era una gran persona, siempre dentro de lo serio, muy simp\u00e1tico. Yo le dec\u00eda que era nuestra g\u00e1rgola, por el personaje del Monje Loco que siempre terminaba las frases. Siempre con las palabras correctas\u201d.<\/p>\n<p>\u00bfDe qu\u00e9 muri\u00f3 Memo Rosales?<br \/>\nHasta hace unas horas se desconoc\u00eda la causa del fallecimiento de Memo Rosales, sin embargo, Gustavo Adolfo Infante en la secci\u00f3n de \u201cP\u00e1jaros en el alambre\u201d se\u00f1al\u00f3 que el productor hab\u00eda sufrido un infarto.<\/p>\n<p>De acuerdo con el periodista, no sab\u00eda que el infarto hab\u00eda ocasionado la muerte del productor de 51 a\u00f1os.<\/p>\n<p>\u201c(Estamos) consternados. Yo anoche, me dicen que le hab\u00eda dado un infarto. Yo no sab\u00eda que hab\u00eda fallecido, es una noticia que nos golpea a todos. Memo era nuestro amigo, el productor asociado, es m\u00e1s, era nuestro \u2018Pepe el Grillo\u2019, aqu\u00ed lo ten\u00edamos todos los d\u00edas\u201d.<\/p>\n<p>&nbsp;<\/p>\n","protected":false},"excerpt":{"rendered":"<p>La ma\u00f1ana de este 24 de abril Ana Mar\u00eda Alvarado, conductora de \u201cSale el Sol\u201d,&#8230;<\/p>\n","protected":false},"author":1,"featured_media":22765,"comment_status":"open","ping_status":"closed","sticky":false,"template":"","format":"standard","meta":{"footnotes":""},"categories":[3],"tags":[],"class_list":["post-22763","post","type-post","status-publish","format-standard","has-post-thumbnail","hentry","category-espectaculos"],"_links":{"self":[{"href":"https:\/\/newsqr.com.mx\/index.php?rest_route=\/wp\/v2\/posts\/22763","targetHints":{"allow":["GET"]}}],"collection":[{"href":"https:\/\/newsqr.com.mx\/index.php?rest_route=\/wp\/v2\/posts"}],"about":[{"href":"https:\/\/newsqr.com.mx\/index.php?rest_route=\/wp\/v2\/types\/post"}],"author":[{"embeddable":true,"href":"https:\/\/newsqr.com.mx\/index.php?rest_route=\/wp\/v2\/users\/1"}],"replies":[{"embeddable":true,"href":"https:\/\/newsqr.com.mx\/index.php?rest_route=%2Fwp%2Fv2%2Fcomments&post=22763"}],"version-history":[{"count":1,"href":"https:\/\/newsqr.com.mx\/index.php?rest_route=\/wp\/v2\/posts\/22763\/revisions"}],"predecessor-version":[{"id":22764,"href":"https:\/\/newsqr.com.mx\/index.php?rest_route=\/wp\/v2\/posts\/22763\/revisions\/22764"}],"wp:featuredmedia":[{"embeddable":true,"href":"https:\/\/newsqr.com.mx\/index.php?rest_route=\/wp\/v2\/media\/22765"}],"wp:attachment":[{"href":"https:\/\/newsqr.com.mx\/index.php?rest_route=%2Fwp%2Fv2%2Fmedia&parent=22763"}],"wp:term":[{"taxonomy":"category","embeddable":true,"href":"https:\/\/newsqr.com.mx\/index.php?rest_route=%2Fwp%2Fv2%2Fcategories&post=22763"},{"taxonomy":"post_tag","embeddable":true,"href":"https:\/\/newsqr.com.mx\/index.php?rest_route=%2Fwp%2Fv2%2Ftags&post=22763"}],"curies":[{"name":"wp","href":"https:\/\/api.w.org\/{rel}","templated":true}]}}