{"id":22769,"date":"2024-04-25T11:11:54","date_gmt":"2024-04-25T16:11:54","guid":{"rendered":"https:\/\/newsqr.com.mx\/?p=22769"},"modified":"2024-04-25T16:11:55","modified_gmt":"2024-04-25T16:11:55","slug":"putin-visitara-china-en-mayo-tras-su-ceremonia-de-investidura","status":"publish","type":"post","link":"https:\/\/newsqr.com.mx\/?p=22769","title":{"rendered":"Putin visitar\u00e1 China en mayo tras su ceremonia de investidura"},"content":{"rendered":"<p>Mosc\u00fa.- El presidente ruso, Vlad\u00edmir Putin, anunci\u00f3 que realizar\u00e1 una visita a China en mayo, viaje que muy previsiblemente tenga lugar despu\u00e9s de su ceremonia de investidura, el pr\u00f3ximo d\u00eda 7.<\/p>\n<p>\u00abSe planea una visita a China en mayo\u00bb, coment\u00f3 Putin al intervenir durante el congreso de la Uni\u00f3n de Industriales y Empresarios de Rusia (UIER).<\/p>\n<p>Esta ma\u00f1ana el portavoz presidencial, Dmitri Peskov, asegur\u00f3 en su rueda de prensa diaria que los detalles sobre el viaje ser\u00e1n anunciados al un\u00edsono con la parte china.<br \/>\nPlay Video<\/p>\n<p>Putin, que reform\u00f3 la Constituci\u00f3n en 2020 para seguir en el Kremlin, ser\u00e1 investido el 7 de mayo como presidente para un quinto mandato de seis a\u00f1os.<\/p>\n<p>El l\u00edder ruso viaj\u00f3 por \u00faltima vez a China en octubre de 2023, visita que respond\u00eda a la realizada a Rusia por su colega chino, Xi Jinping, en marzo del pasado a\u00f1o.<\/p>\n<p>Rusia, que tiene en China a su principal aliado y socio comercial, posici\u00f3n que se reforz\u00f3 desde el comienzo de la guerra en Ucrania, ha destacado el importante papel de Beijing en el futuro arreglo del conflicto.<\/p>\n<p>Xi recibi\u00f3 el pasado 9 de abril en la capital china al ministro de Exteriores ruso, Sergu\u00e9i Lavrov, quien le agradeci\u00f3 la \u00abpostura imparcial\u00bb de Beijing en relaci\u00f3n a Ucrania.<\/p>\n<p>En febrero de 2022, poco antes del comienzo de la campa\u00f1a militar rusa, Putin y Xi proclamaron en Beijing la \u00abamistad sin l\u00edmites\u00bb entre sus naciones.<\/p>\n<p>Los primeros viajes de Putin como presidente fueron a Uzbekist\u00e1n en 2000; a Ucrania en 2004; a Bielorrusia en 2012 y a Austria en 2018.<\/p>\n","protected":false},"excerpt":{"rendered":"<p>Mosc\u00fa.- El presidente ruso, Vlad\u00edmir Putin, anunci\u00f3 que realizar\u00e1 una visita a China en mayo,&#8230;<\/p>\n","protected":false},"author":1,"featured_media":22771,"comment_status":"open","ping_status":"closed","sticky":false,"template":"","format":"standard","meta":{"footnotes":""},"categories":[6],"tags":[],"class_list":["post-22769","post","type-post","status-publish","format-standard","has-post-thumbnail","hentry","category-internacional"],"_links":{"self":[{"href":"https:\/\/newsqr.com.mx\/index.php?rest_route=\/wp\/v2\/posts\/22769","targetHints":{"allow":["GET"]}}],"collection":[{"href":"https:\/\/newsqr.com.mx\/index.php?rest_route=\/wp\/v2\/posts"}],"about":[{"href":"https:\/\/newsqr.com.mx\/index.php?rest_route=\/wp\/v2\/types\/post"}],"author":[{"embeddable":true,"href":"https:\/\/newsqr.com.mx\/index.php?rest_route=\/wp\/v2\/users\/1"}],"replies":[{"embeddable":true,"href":"https:\/\/newsqr.com.mx\/index.php?rest_route=%2Fwp%2Fv2%2Fcomments&post=22769"}],"version-history":[{"count":1,"href":"https:\/\/newsqr.com.mx\/index.php?rest_route=\/wp\/v2\/posts\/22769\/revisions"}],"predecessor-version":[{"id":22770,"href":"https:\/\/newsqr.com.mx\/index.php?rest_route=\/wp\/v2\/posts\/22769\/revisions\/22770"}],"wp:featuredmedia":[{"embeddable":true,"href":"https:\/\/newsqr.com.mx\/index.php?rest_route=\/wp\/v2\/media\/22771"}],"wp:attachment":[{"href":"https:\/\/newsqr.com.mx\/index.php?rest_route=%2Fwp%2Fv2%2Fmedia&parent=22769"}],"wp:term":[{"taxonomy":"category","embeddable":true,"href":"https:\/\/newsqr.com.mx\/index.php?rest_route=%2Fwp%2Fv2%2Fcategories&post=22769"},{"taxonomy":"post_tag","embeddable":true,"href":"https:\/\/newsqr.com.mx\/index.php?rest_route=%2Fwp%2Fv2%2Ftags&post=22769"}],"curies":[{"name":"wp","href":"https:\/\/api.w.org\/{rel}","templated":true}]}}