{"id":22823,"date":"2024-04-29T12:32:12","date_gmt":"2024-04-29T17:32:12","guid":{"rendered":"https:\/\/newsqr.com.mx\/?p=22823"},"modified":"2024-04-29T17:32:13","modified_gmt":"2024-04-29T17:32:13","slug":"retiran-estatua-en-homenaje-a-dani-alves-en-brasil","status":"publish","type":"post","link":"https:\/\/newsqr.com.mx\/?p=22823","title":{"rendered":"Retiran estatua en homenaje a Dani Alves en Brasil"},"content":{"rendered":"<p>La estatua de tama\u00f1o real de Daniel Alves que la ciudad brasile\u00f1a de Juazeiro hab\u00eda instalado en homenaje a su m\u00e1s famoso conciudadano fue retirada de la plaza en la que era exhibida tras una larga pol\u00e9mica y de protestas ciudadanas luego de que el futbolista fuera condenado en Espa\u00f1a por violaci\u00f3n.<\/p>\n<p>La alcald\u00eda de Juazeiro, ciudad de unos 220 mil habitantes en el interior del estado de Bah\u00eda, al noreste de Brasil, inform\u00f3 a EFE que retir\u00f3 el monumento este lunes para atender una recomendaci\u00f3n del Ministerio P\u00fablico y \u201cen cumplimiento de las leyes vigentes\u201d.<\/p>\n<p>Antes de que la municipalidad finalmente aceptara retirarla, lo que hizo en la madrugada de este lunes y sin aviso previo, la estatua fue blanco de protestas y actos de vandalismo de movimientos ciudadanos y de grupos de defensa de los derechos de la mujer por homenajear a un futbolista condenado por violaci\u00f3n.<\/p>\n<p>Pese a la motivaci\u00f3n de tales protestas, el Ministerio P\u00fablico (fiscal\u00eda) consigui\u00f3 convencer a la alcald\u00eda con el argumento de que el monumento viola la legislaci\u00f3n tanto del municipio de Juazeiro como del estado de Bah\u00eda, ya que ambos proh\u00edben homenajes a personas vivas hechas con recursos p\u00fablicos.<\/p>\n<p>El Ministerio P\u00fablico asumi\u00f3 el caso a ra\u00edz de una denuncia presentada por la activista Manuella Tyler, como reacci\u00f3n a la condena por violaci\u00f3n.<\/p>\n<p>En declaraciones a EFE, Tyler afirm\u00f3 que la permanencia de esta escultura pon\u00eda en cuesti\u00f3n el \u201cvalor y la dignidad de las mujeres\u201d.<\/p>\n<p>Alves fue condenado el 22 de febrero a cuatro a\u00f1os y seis meses de prisi\u00f3n por agredir sexualmente a una joven de 23 a\u00f1os en una discoteca de Barcelona, pero sali\u00f3 de prisi\u00f3n a finales de marzo tras haber pagado la fianza de un mill\u00f3n de euros impuesta por la Audiencia de Barcelona.<\/p>\n<p>A ra\u00edz de la violaci\u00f3n, la estatua inaugurada en 2020 en una avenida c\u00e9ntrica de Juazeiro se convirti\u00f3 en objeto de diversos actos de repudio.<\/p>\n<p>La obra fue cubierta con una bolsa de basura y cinta americana a finales del a\u00f1o pasado y en febrero amaneci\u00f3 cubierta por pintura blanca.<\/p>\n<p>El pasado 8 de marzo, D\u00eda Internacional de la Mujer, varias mujeres se manifestaron a su alrededor con pancartas con consignas como \u201cno a la cultura de la violaci\u00f3n\u201d y \u201cDaniel Alves violador\u201d.<\/p>\n<p>La estatua retirada, obra del escultor Leo Santana, reproduce al exlateral de clubes como Barcelona, Sevilla, Juventus, PSG y Sao Paulo vistiendo la camisa de la selecci\u00f3n brasile\u00f1a y controlando un bal\u00f3n con los pies.<\/p>\n<p>Alves, que disput\u00f3 tres mundiales y fue dos veces campe\u00f3n de la Copa Am\u00e9rica y dos veces campe\u00f3n de la Copa Confederaciones con la selecci\u00f3n brasile\u00f1a, es, con 43 t\u00edtulos, uno de los futbolistas con m\u00e1s trofeos en el mundo, incluyendo el oro ol\u00edmpico en Tokio 2020.<\/p>\n","protected":false},"excerpt":{"rendered":"<p>La estatua de tama\u00f1o real de Daniel Alves que la ciudad brasile\u00f1a de Juazeiro hab\u00eda&#8230;<\/p>\n","protected":false},"author":1,"featured_media":22825,"comment_status":"open","ping_status":"closed","sticky":false,"template":"","format":"standard","meta":{"footnotes":""},"categories":[6],"tags":[],"class_list":["post-22823","post","type-post","status-publish","format-standard","has-post-thumbnail","hentry","category-internacional"],"_links":{"self":[{"href":"https:\/\/newsqr.com.mx\/index.php?rest_route=\/wp\/v2\/posts\/22823","targetHints":{"allow":["GET"]}}],"collection":[{"href":"https:\/\/newsqr.com.mx\/index.php?rest_route=\/wp\/v2\/posts"}],"about":[{"href":"https:\/\/newsqr.com.mx\/index.php?rest_route=\/wp\/v2\/types\/post"}],"author":[{"embeddable":true,"href":"https:\/\/newsqr.com.mx\/index.php?rest_route=\/wp\/v2\/users\/1"}],"replies":[{"embeddable":true,"href":"https:\/\/newsqr.com.mx\/index.php?rest_route=%2Fwp%2Fv2%2Fcomments&post=22823"}],"version-history":[{"count":1,"href":"https:\/\/newsqr.com.mx\/index.php?rest_route=\/wp\/v2\/posts\/22823\/revisions"}],"predecessor-version":[{"id":22824,"href":"https:\/\/newsqr.com.mx\/index.php?rest_route=\/wp\/v2\/posts\/22823\/revisions\/22824"}],"wp:featuredmedia":[{"embeddable":true,"href":"https:\/\/newsqr.com.mx\/index.php?rest_route=\/wp\/v2\/media\/22825"}],"wp:attachment":[{"href":"https:\/\/newsqr.com.mx\/index.php?rest_route=%2Fwp%2Fv2%2Fmedia&parent=22823"}],"wp:term":[{"taxonomy":"category","embeddable":true,"href":"https:\/\/newsqr.com.mx\/index.php?rest_route=%2Fwp%2Fv2%2Fcategories&post=22823"},{"taxonomy":"post_tag","embeddable":true,"href":"https:\/\/newsqr.com.mx\/index.php?rest_route=%2Fwp%2Fv2%2Ftags&post=22823"}],"curies":[{"name":"wp","href":"https:\/\/api.w.org\/{rel}","templated":true}]}}