{"id":22829,"date":"2024-04-30T08:18:54","date_gmt":"2024-04-30T13:18:54","guid":{"rendered":"https:\/\/newsqr.com.mx\/?p=22829"},"modified":"2024-04-30T13:18:55","modified_gmt":"2024-04-30T13:18:55","slug":"sharid-cid-se-caso-con-pedro-canavati-asi-fue-su-lujosa-boda","status":"publish","type":"post","link":"https:\/\/newsqr.com.mx\/?p=22829","title":{"rendered":"Sharid Cid se cas\u00f3 con Pedro Canavati; as\u00ed fue su lujosa boda"},"content":{"rendered":"<p>Hace seis a\u00f1os Sharis Cid pas\u00f3 un mal momento despu\u00e9s de que asesinaran a su pareja Isa\u00edas G\u00f3mez, pero con el tiempo la famosa se dio una nueva oportunidad en el amor con el empresario Pedro Canavati y este fin de semana la pareja se cas\u00f3.<\/p>\n<p>En el 2021 Sharis Cid comenz\u00f3 su historia de amor con el empresario y el 5 de mayo del 2023 la pareja se comprometi\u00f3. Y este fin de semana se dieron el s\u00ed acepto en una lujosa boda en la que estuvieron presentes la familia y amigos m\u00e1s cercanos de la actriz y su ahora esposo.<\/p>\n<p>Por medio de Instagram, Sharis Cid comparti\u00f3 con sus seguidores algunas fotos en su boda, uno de los d\u00edas m\u00e1s importantes en su vida y en los que se la pas\u00f3 muy feliz, algo que reflejan las im\u00e1genes que subi\u00f3 la actriz.<\/p>\n<p>Por ahora se desconoce d\u00f3nde se realiz\u00f3 la ceremonia, pero quien no pod\u00eda faltar en este d\u00eda era la hija de la actriz y su yerno, Kristal Cid y Brandon Peniche.<\/p>\n<p>En la mayor\u00eda de las fotos, los reci\u00e9n casados posaron para la c\u00e1mara usando los atuendos que usaron para su boda. El novio luci\u00f3 un traje en conjunto con un mo\u00f1o. Por su parte, Sharis Cid opt\u00f3 por un vestido de novia blanco con mangas largas, entallado de la cintura y suelto en la parte inferior.<\/p>\n<p>En las im\u00e1genes e observa que la boda se realiz\u00f3 en un jard\u00edn, adem\u00e1s la actriz subi\u00f3 un video en el que se puede ver a la pareja colocarse los anillos de boda y a la hija de Sharis Cid muy conmovida al ser testigo de este momento.<\/p>\n<p>Como era de esperarse, las publicaciones de Sharis Cid recibieron miles de comentarios en los que muchas personas la felicitaron entre ellos Omar Chaparro, Joanna Vega-Bietro, \u00c1frica Zavala o Jimena P\u00e9rez.<\/p>\n<p>&nbsp;<\/p>\n","protected":false},"excerpt":{"rendered":"<p>Hace seis a\u00f1os Sharis Cid pas\u00f3 un mal momento despu\u00e9s de que asesinaran a su&#8230;<\/p>\n","protected":false},"author":1,"featured_media":22831,"comment_status":"open","ping_status":"closed","sticky":false,"template":"","format":"standard","meta":{"footnotes":""},"categories":[3],"tags":[],"class_list":["post-22829","post","type-post","status-publish","format-standard","has-post-thumbnail","hentry","category-espectaculos"],"_links":{"self":[{"href":"https:\/\/newsqr.com.mx\/index.php?rest_route=\/wp\/v2\/posts\/22829","targetHints":{"allow":["GET"]}}],"collection":[{"href":"https:\/\/newsqr.com.mx\/index.php?rest_route=\/wp\/v2\/posts"}],"about":[{"href":"https:\/\/newsqr.com.mx\/index.php?rest_route=\/wp\/v2\/types\/post"}],"author":[{"embeddable":true,"href":"https:\/\/newsqr.com.mx\/index.php?rest_route=\/wp\/v2\/users\/1"}],"replies":[{"embeddable":true,"href":"https:\/\/newsqr.com.mx\/index.php?rest_route=%2Fwp%2Fv2%2Fcomments&post=22829"}],"version-history":[{"count":1,"href":"https:\/\/newsqr.com.mx\/index.php?rest_route=\/wp\/v2\/posts\/22829\/revisions"}],"predecessor-version":[{"id":22830,"href":"https:\/\/newsqr.com.mx\/index.php?rest_route=\/wp\/v2\/posts\/22829\/revisions\/22830"}],"wp:featuredmedia":[{"embeddable":true,"href":"https:\/\/newsqr.com.mx\/index.php?rest_route=\/wp\/v2\/media\/22831"}],"wp:attachment":[{"href":"https:\/\/newsqr.com.mx\/index.php?rest_route=%2Fwp%2Fv2%2Fmedia&parent=22829"}],"wp:term":[{"taxonomy":"category","embeddable":true,"href":"https:\/\/newsqr.com.mx\/index.php?rest_route=%2Fwp%2Fv2%2Fcategories&post=22829"},{"taxonomy":"post_tag","embeddable":true,"href":"https:\/\/newsqr.com.mx\/index.php?rest_route=%2Fwp%2Fv2%2Ftags&post=22829"}],"curies":[{"name":"wp","href":"https:\/\/api.w.org\/{rel}","templated":true}]}}