{"id":22835,"date":"2024-04-30T09:07:32","date_gmt":"2024-04-30T14:07:32","guid":{"rendered":"https:\/\/newsqr.com.mx\/?p=22835"},"modified":"2024-04-30T14:07:33","modified_gmt":"2024-04-30T14:07:33","slug":"carlos-iii-visita-un-centro-contra-el-cancer-en-su-primer-acto-publico-desde-su-diagnostico","status":"publish","type":"post","link":"https:\/\/newsqr.com.mx\/?p=22835","title":{"rendered":"Carlos III visita un centro contra el c\u00e1ncer en su primer acto p\u00fablico desde su diagn\u00f3stico"},"content":{"rendered":"<p>Aunque este es su primer acto oficial fuera de palacio, el monarca de 75 a\u00f1os fue visto al asistir a sendos servicios religiosos privados ese mes y durante la pasada Semana Santa, y ha mantenido en este tiempo sus labores de despacho.<\/p>\n<p>El monarca sonri\u00f3 y salud\u00f3 a la multitud, as\u00ed como a sus anfitriones, antes de entrar al Centro Oncol\u00f3gico Macmillan del University College Hospital, en el que, seg\u00fan el Palacio de Buckingham, convers\u00f3 con pacientes y examin\u00f3 un nuevo equipamiento m\u00e9dico para luchar contra la enfermedad.<\/p>\n<p>Esta visita de Carlos III, al que se vio relajado con un traje azul oscuro y corbata clara, se considera muy simb\u00f3lica dado que \u00e9l mismo est\u00e1 en tratamiento y se interpreta como un gesto de solidaridad y empat\u00eda con otros afectados.<\/p>\n<p>Al igual que el rey, que acaba de asumir el patrocinio de la unidad de investigaci\u00f3n Cancer Research UK, la reina, de 76 a\u00f1os, tambi\u00e9n est\u00e1 vinculada a entidades de lucha y apoyo frente a esta enfermedad.<\/p>\n<p>Camila, que en los \u00faltimos meses ha asumido buena parte de las labores de la monarqu\u00eda, estuvo en todo momento al lado de su esposo, ataviada con un vestido estampado tipo piel de leopardo.<\/p>\n<p>El hospital que visitan recibi\u00f3 a sus primeros pacientes en 2012 y est\u00e1 especializado en el diagn\u00f3stico y tratamiento de una amplia gama de c\u00e1nceres, adem\u00e1s de otras dolencias.<\/p>\n<p>El director ejecutivo, David Proberto, y la presidenta, Julia Neuberger, condujeron a la pareja a ver las instalaciones, en particular unos esc\u00e1neres de diagn\u00f3stico punteros, y se prev\u00e9 que al final del recorrido reciban de pacientes j\u00f3venes un ramo de flores.<\/p>\n<p>En 1997, siendo pr\u00edncipe de Gales, el rey ya se convirti\u00f3 en patr\u00f3n de la organizaci\u00f3n ben\u00e9fica Macmillan Cancer, que brinda apoyo y promueve una mejor atenci\u00f3n, y desde 2008 la reina preside el servicio de asesoramiento Maggie\u2019s, que ofrece asesoramiento gratuito en centros del pa\u00eds.<\/p>\n<p>Buckingham anunci\u00f3 la semana pasada que Carlos III regresar\u00eda este martes a sus compromisos p\u00fablicos gracias a sus buenos progresos en el tratamiento contra el c\u00e1ncer que recibe, si bien esto no es garant\u00eda de que vaya a asistir a otros actos en el futuro.<\/p>\n<p>Esto se decidir\u00e1 en base al consejo m\u00e9dico, apunt\u00f3 el palacio, que precis\u00f3 que siempre se tratar\u00e1 de limitar el riesgo para su recuperaci\u00f3n.<\/p>\n<p>La monarqu\u00eda prev\u00e9 recibir el pr\u00f3ximo junio a los emperadores de Jap\u00f3n, en una visita de Estado auspiciada por el Gobierno brit\u00e1nico.<\/p>\n<p>Carlos III y la reina Camila celebrar\u00e1n el 6 de mayo el primer aniversario de su coronaci\u00f3n, despu\u00e9s de que \u00e9l asumiera el trono tras la muerte de Isabel II el 8 de septiembre de 2022.<\/p>\n<p>Adem\u00e1s del soberano, Kate, la esposa de su heredero, el pr\u00edncipe William, tambi\u00e9n est\u00e1 en tratamiento oncol\u00f3gico, despu\u00e9s de revelarse en marzo que fue diagnosticado de un c\u00e1ncer que no se especific\u00f3.<\/p>\n","protected":false},"excerpt":{"rendered":"<p>Aunque este es su primer acto oficial fuera de palacio, el monarca de 75 a\u00f1os&#8230;<\/p>\n","protected":false},"author":1,"featured_media":22837,"comment_status":"open","ping_status":"closed","sticky":false,"template":"","format":"standard","meta":{"footnotes":""},"categories":[6],"tags":[],"class_list":["post-22835","post","type-post","status-publish","format-standard","has-post-thumbnail","hentry","category-internacional"],"_links":{"self":[{"href":"https:\/\/newsqr.com.mx\/index.php?rest_route=\/wp\/v2\/posts\/22835","targetHints":{"allow":["GET"]}}],"collection":[{"href":"https:\/\/newsqr.com.mx\/index.php?rest_route=\/wp\/v2\/posts"}],"about":[{"href":"https:\/\/newsqr.com.mx\/index.php?rest_route=\/wp\/v2\/types\/post"}],"author":[{"embeddable":true,"href":"https:\/\/newsqr.com.mx\/index.php?rest_route=\/wp\/v2\/users\/1"}],"replies":[{"embeddable":true,"href":"https:\/\/newsqr.com.mx\/index.php?rest_route=%2Fwp%2Fv2%2Fcomments&post=22835"}],"version-history":[{"count":1,"href":"https:\/\/newsqr.com.mx\/index.php?rest_route=\/wp\/v2\/posts\/22835\/revisions"}],"predecessor-version":[{"id":22836,"href":"https:\/\/newsqr.com.mx\/index.php?rest_route=\/wp\/v2\/posts\/22835\/revisions\/22836"}],"wp:featuredmedia":[{"embeddable":true,"href":"https:\/\/newsqr.com.mx\/index.php?rest_route=\/wp\/v2\/media\/22837"}],"wp:attachment":[{"href":"https:\/\/newsqr.com.mx\/index.php?rest_route=%2Fwp%2Fv2%2Fmedia&parent=22835"}],"wp:term":[{"taxonomy":"category","embeddable":true,"href":"https:\/\/newsqr.com.mx\/index.php?rest_route=%2Fwp%2Fv2%2Fcategories&post=22835"},{"taxonomy":"post_tag","embeddable":true,"href":"https:\/\/newsqr.com.mx\/index.php?rest_route=%2Fwp%2Fv2%2Ftags&post=22835"}],"curies":[{"name":"wp","href":"https:\/\/api.w.org\/{rel}","templated":true}]}}