{"id":22859,"date":"2024-05-02T09:05:42","date_gmt":"2024-05-02T14:05:42","guid":{"rendered":"https:\/\/newsqr.com.mx\/?p=22859"},"modified":"2024-05-02T14:05:44","modified_gmt":"2024-05-02T14:05:44","slug":"il-divo-festejo-de-aniversario","status":"publish","type":"post","link":"https:\/\/newsqr.com.mx\/?p=22859","title":{"rendered":"Il Divo, festejo de aniversario"},"content":{"rendered":"<p>\u00bfC\u00f3mo sonar\u00eda la canci\u00f3n Despacito en una versi\u00f3n para \u00f3pera? La respuesta la tiene el cuarteto Il Divo, que grab\u00f3, muy a su estilo, el tema popularizado por Luis Fonsi y Daddy Yankee.<\/p>\n<p>La canci\u00f3n forma parte de XX: 20th Anniversary Album, con el que Il Divo festeja 20 a\u00f1os de trayectoria.<\/p>\n<p>Ser\u00e1 con este disco con el que el grupo integrado por Urs B\u00fchler, de Suiza; S\u00e9bastien Izambard, de Francia; David Miller, de Estados Unidos, y el nuevo miembro, Steven LaBrie, tambi\u00e9n de EU, se presente hoy en la Arena Ciudad de M\u00e9xico.<\/p>\n<p>Es un milagro que despu\u00e9s de 20 a\u00f1os en este negocio, estamos aqu\u00ed todav\u00eda haciendo m\u00fasica y, adem\u00e1s, acabamos de sacar este nuevo disco que es una de las cosas m\u00e1s fuertes que hemos hecho en dos d\u00e9cadas.<\/p>\n<p>&nbsp;<\/p>\n<p>No s\u00f3lo estamos viviendo de nuestros grandes cl\u00e1sicos, sino que tenemos toda la inspiraci\u00f3n por la m\u00fasica y no hemos perdido nuestro entusiasmo por lo que hacemos.<\/p>\n<p>Presentamos m\u00fasica que es todav\u00eda mejor de lo que se conoce de nosotros. Eso nos hace sentir contentos y orgullosos, as\u00ed como sorprendidos, porque nadie ten\u00eda ese plan. Estamos aqu\u00ed m\u00e1s fuertes que nunca y eso es fant\u00e1stico\u201d, expres\u00f3 Urs B\u00fchler en entrevista con Exc\u00e9lsior.<\/p>\n<p>Il Divo renaci\u00f3 tras la p\u00e9rdida de uno de sus integrantes, el espa\u00f1ol Carlos Mar\u00edn (1968-2021), quien falleci\u00f3 a los 53 a\u00f1os por complicaciones de covid-19.<\/p>\n<p>Es una de las m\u00e1s dif\u00edciles cosas por las que hemos pasado, perder a Carlos. La era del covid, en general, fue una \u00e9poca terrible para todos. Cuando todos est\u00e1bamos tratando de regresar, era inimaginable pensar lo que estaba pasando Carlos y todos pensamos que iba a estar mejor, estaba en recuperaci\u00f3n y nos alcanz\u00f3 Steven&#8230; \u00e9l nos ayud\u00f3 a configurar este nuevo \u00e1lbum\u201d, dijo David Miller.<\/p>\n<p>Il Divo cantar\u00e1 hoy a las 21:00 horas en la Arena Ciudad de M\u00e9xico.<\/p>\n","protected":false},"excerpt":{"rendered":"<p>\u00bfC\u00f3mo sonar\u00eda la canci\u00f3n Despacito en una versi\u00f3n para \u00f3pera? La respuesta la tiene el&#8230;<\/p>\n","protected":false},"author":1,"featured_media":22861,"comment_status":"open","ping_status":"closed","sticky":false,"template":"","format":"standard","meta":{"footnotes":""},"categories":[3],"tags":[],"class_list":["post-22859","post","type-post","status-publish","format-standard","has-post-thumbnail","hentry","category-espectaculos"],"_links":{"self":[{"href":"https:\/\/newsqr.com.mx\/index.php?rest_route=\/wp\/v2\/posts\/22859","targetHints":{"allow":["GET"]}}],"collection":[{"href":"https:\/\/newsqr.com.mx\/index.php?rest_route=\/wp\/v2\/posts"}],"about":[{"href":"https:\/\/newsqr.com.mx\/index.php?rest_route=\/wp\/v2\/types\/post"}],"author":[{"embeddable":true,"href":"https:\/\/newsqr.com.mx\/index.php?rest_route=\/wp\/v2\/users\/1"}],"replies":[{"embeddable":true,"href":"https:\/\/newsqr.com.mx\/index.php?rest_route=%2Fwp%2Fv2%2Fcomments&post=22859"}],"version-history":[{"count":1,"href":"https:\/\/newsqr.com.mx\/index.php?rest_route=\/wp\/v2\/posts\/22859\/revisions"}],"predecessor-version":[{"id":22860,"href":"https:\/\/newsqr.com.mx\/index.php?rest_route=\/wp\/v2\/posts\/22859\/revisions\/22860"}],"wp:featuredmedia":[{"embeddable":true,"href":"https:\/\/newsqr.com.mx\/index.php?rest_route=\/wp\/v2\/media\/22861"}],"wp:attachment":[{"href":"https:\/\/newsqr.com.mx\/index.php?rest_route=%2Fwp%2Fv2%2Fmedia&parent=22859"}],"wp:term":[{"taxonomy":"category","embeddable":true,"href":"https:\/\/newsqr.com.mx\/index.php?rest_route=%2Fwp%2Fv2%2Fcategories&post=22859"},{"taxonomy":"post_tag","embeddable":true,"href":"https:\/\/newsqr.com.mx\/index.php?rest_route=%2Fwp%2Fv2%2Ftags&post=22859"}],"curies":[{"name":"wp","href":"https:\/\/api.w.org\/{rel}","templated":true}]}}