{"id":22877,"date":"2024-05-03T17:55:54","date_gmt":"2024-05-03T22:55:54","guid":{"rendered":"https:\/\/newsqr.com.mx\/?p=22877"},"modified":"2024-05-03T22:55:55","modified_gmt":"2024-05-03T22:55:55","slug":"inmaculada-mucho-mas-que-un-filme-de-terror","status":"publish","type":"post","link":"https:\/\/newsqr.com.mx\/?p=22877","title":{"rendered":"Inmaculada, mucho m\u00e1s que un filme de terror"},"content":{"rendered":"<p>\u00c1lvaro Morte protagoniza junto a Sydney Sweeney Inmaculada, su nueva pel\u00edcula de terror, una elecci\u00f3n bastante peculiar dado que el actor confiesa que no es fan\u00e1tico del g\u00e9nero, sin embargo, aunque a simple vista \u00e9ste podr\u00eda verse como un filme m\u00e1s de miedo, para ambos este proyecto es mucho m\u00e1s, pues el horror es simplemente un pretexto para poner otros t\u00f3picos sobre la mesa como el feminismo, la religi\u00f3n, el empoderamiento, la maternidad y la fe, por lo que tanto el espa\u00f1ol como la estadunidense no dudaron en querer adentrarse a una de esas tramas que destaca que muchas veces el terror est\u00e1 m\u00e1s presente entre los vivos que en lo sobrenatural.<\/p>\n<p>Lo primero que tengo que decir es que no me gusta ver pel\u00edculas de terror y cuando me dieron el guion s\u00ed pens\u00e9: \u2018\u00bfEs en serio? \u00bfUna pel\u00edcula de terror?\u2019 Pero lo le\u00ed y debo decir que adem\u00e1s de que me divert\u00ed mucho, creo que lo principal es que me di cuenta que no s\u00f3lo era entretenimiento, sino que era una oportunidad de poner sobre la mesa temas importantes que creo que son muy necesarios de hablar hoy en d\u00eda en cuanto a feminismo; el hecho de que este convento estuviera repleto de mujeres lideradas por un solo hombre, \u00e9l teniendo el control de todo, la maternidad. Entonces hab\u00eda tantas cosas que me interesaban no s\u00f3lo por la producci\u00f3n, sino por esto, porque creo que es muy lindo cuando termina una pel\u00edcula y te quedas con todas estas herramientas para tener una conversaci\u00f3n productiva que enmarca tantas cosas importantes\u201d, destac\u00f3 Morte en conferencia, quien encarna al Padre Sal Tedeschi.<\/p>\n<p>Precisamente cuando le\u00ed el guion hace diez a\u00f1os not\u00e9 que tocaba muchas cosas, pero lo que m\u00e1s me asustaba era la idea que pod\u00eda existir alguien que pudiera pensar que pod\u00eda crear algo para salvar a la humanidad y en su lugar pueda tambi\u00e9n ser la clave para destruirla, entonces esa idea de analizar esto tambi\u00e9n me interes\u00f3 mucho\u201d, agreg\u00f3 Sweeney, quien da vida a la hermana Cecilia.<\/p>\n<p>El filme, en el que Sweeney tambi\u00e9n es productora, sigue la historia de Cecilia, una monja devota quien se muda a un convento en la campi\u00f1a italiana para seguir con su deseo de entregar su vida a Dios. Y aunque todo pinta de maravilla para que este nuevo lugar la acoja, pronto descubrir\u00e1 que su nuevo hogar esconde oscuros secretos que implicar\u00e1n mayores sacrificios.<\/p>\n<p>&nbsp;<\/p>\n<p>&nbsp;<\/p>\n<p>&nbsp;<\/p>\n<p>The video player is currently playing an ad. You can skip the ad in 5 sec with a mouse or keyboard<br \/>\nEste proyecto le tom\u00f3 a Sweeney una d\u00e9cada concretarlo, por lo que la ense\u00f1anza m\u00e1s profunda que le queda, adem\u00e1s de haber librado el reto de adentrarse al terror por primera vez, es que para cumplir un sue\u00f1o la clave es la perseverancia.<\/p>\n<p>Nunca tomen un \u2018no\u2019 como respuesta, yo audicion\u00e9 para esto hace diez a\u00f1os y no lo consegu\u00ed, pero sab\u00eda que de verdad lo quer\u00eda, as\u00ed que empuj\u00e9 todas las barreras y lo hice suceder.<\/p>\n<p>Pero fue mucho trabajo, no fue tan f\u00e1cil como cre\u00ed, fueron diez a\u00f1os de tratar de juntar las piezas, formar al equipo, trabajar el guion y encontrar las locaciones ideales, pero uno puede hacerlo si mantiene su mente en ello\u201d, comparti\u00f3 orgullosa.<\/p>\n<p>Situada en un convento, su trama ha despertado controversia en algunos devotos al vincular a la religi\u00f3n una vez m\u00e1s con temas oscuros, y aunque aclararon que no consideran que esta sea ninguna especie de ataque a la iglesia o sus deidades, sino simplemente un escenario para su historia, para Morte la religi\u00f3n tiene todos los elementos para jugar a plenitud en este g\u00e9nero.<\/p>\n<p>Yo soy de Espa\u00f1a y crec\u00ed en una peque\u00f1a villa en el sur, en Andaluc\u00eda y ah\u00ed celebramos Semana Santa y se hacen desfiles con estas im\u00e1genes lindas y la gente viene de todos lados para ver esta expresi\u00f3n de arte, pero es muy tenebroso y oscuro, y se hac\u00eda hace a\u00f1os con el prop\u00f3sito de dar este mensaje a la gente relacionado al sufrimiento de Dios, de que entre m\u00e1s sufras m\u00e1s cerca estar\u00e1s de \u00e9l, y cuando tienes unos siete u ocho a\u00f1os y ves eso, de verdad es aterrador.<\/p>\n<p>Y lo otro que siento que conecta a la religi\u00f3n con el horror es la concepcion de la fe, de que creas en algo que en realidad no conoces de verdad, nada est\u00e1 demostrado y a\u00fan as\u00ed crees, entonces en cierta forma crees en lo desconocido y es un mecanismo que puede ser usado en el horror, eso que no puedes controlar y no conoces es algo que puede darte miedo, as\u00ed que es un universo maravilloso para saltar al terror\u201d, destac\u00f3 el artista, quien lleg\u00f3 a la fama por su rol como El Profesor en La casa de papel.<\/p>\n","protected":false},"excerpt":{"rendered":"<p>\u00c1lvaro Morte protagoniza junto a Sydney Sweeney Inmaculada, su nueva pel\u00edcula de terror, una elecci\u00f3n&#8230;<\/p>\n","protected":false},"author":1,"featured_media":22879,"comment_status":"open","ping_status":"closed","sticky":false,"template":"","format":"standard","meta":{"footnotes":""},"categories":[3],"tags":[],"class_list":["post-22877","post","type-post","status-publish","format-standard","has-post-thumbnail","hentry","category-espectaculos"],"_links":{"self":[{"href":"https:\/\/newsqr.com.mx\/index.php?rest_route=\/wp\/v2\/posts\/22877","targetHints":{"allow":["GET"]}}],"collection":[{"href":"https:\/\/newsqr.com.mx\/index.php?rest_route=\/wp\/v2\/posts"}],"about":[{"href":"https:\/\/newsqr.com.mx\/index.php?rest_route=\/wp\/v2\/types\/post"}],"author":[{"embeddable":true,"href":"https:\/\/newsqr.com.mx\/index.php?rest_route=\/wp\/v2\/users\/1"}],"replies":[{"embeddable":true,"href":"https:\/\/newsqr.com.mx\/index.php?rest_route=%2Fwp%2Fv2%2Fcomments&post=22877"}],"version-history":[{"count":1,"href":"https:\/\/newsqr.com.mx\/index.php?rest_route=\/wp\/v2\/posts\/22877\/revisions"}],"predecessor-version":[{"id":22878,"href":"https:\/\/newsqr.com.mx\/index.php?rest_route=\/wp\/v2\/posts\/22877\/revisions\/22878"}],"wp:featuredmedia":[{"embeddable":true,"href":"https:\/\/newsqr.com.mx\/index.php?rest_route=\/wp\/v2\/media\/22879"}],"wp:attachment":[{"href":"https:\/\/newsqr.com.mx\/index.php?rest_route=%2Fwp%2Fv2%2Fmedia&parent=22877"}],"wp:term":[{"taxonomy":"category","embeddable":true,"href":"https:\/\/newsqr.com.mx\/index.php?rest_route=%2Fwp%2Fv2%2Fcategories&post=22877"},{"taxonomy":"post_tag","embeddable":true,"href":"https:\/\/newsqr.com.mx\/index.php?rest_route=%2Fwp%2Fv2%2Ftags&post=22877"}],"curies":[{"name":"wp","href":"https:\/\/api.w.org\/{rel}","templated":true}]}}