{"id":22910,"date":"2024-05-07T10:40:06","date_gmt":"2024-05-07T15:40:06","guid":{"rendered":"https:\/\/newsqr.com.mx\/?p=22910"},"modified":"2024-05-07T15:40:07","modified_gmt":"2024-05-07T15:40:07","slug":"modelo-eugenio-casnighi-asegura-que-lo-corrieron-de-la-met-gala-2024-por-opacar-a-famosas","status":"publish","type":"post","link":"https:\/\/newsqr.com.mx\/?p=22910","title":{"rendered":"Modelo Eugenio Casnighi asegura que lo corrieron de la Met Gala 2024 por opacar a famosas"},"content":{"rendered":"<p>Este lunes 6 de mayo se realiz\u00f3 la Met Gala 2024 en donde varias personalidades sorprendieron por sus impresionantes outfits como Zendaya, quien incluso fue una de las anfitrionas del evento. Y aunque la Met Gala se llev\u00f3 a cabo sin ning\u00fan inconveniente, el modelo Eugenio Casnighi asegura que lo corrieron.<\/p>\n<p>Eugenio Casnighi, modelo italiano, denunci\u00f3 por medio de un video de TikTok, que en la Met Gala de este a\u00f1o no lo llamaron para trabajar. De acuerdo con su testimonio, en 2023 su trabajo durante este evento de moda consisti\u00f3 en acompa\u00f1ar a una celebridad toda la noche para ayudarla en lo que necesitara.<\/p>\n<p>\u201cMe acaban de despedir de la Met Gala. Acu\u00e9rdense de m\u00ed. Nunca he hablado de esto porque estaba bajo un acuerdo de confidencialidad. Es gracioso que me despidan, as\u00ed que puedo decir lo que quiera\u201d, dijo en el video.<\/p>\n<p>Eugenio Casnighi mencion\u00f3 que el viernes pasado se enter\u00f3 que no participar\u00eda en el Met Gala 2024.<\/p>\n<p>\u201cHoy es viernes y la Met Gala es un lunes, y hoy me comunican que me despiden. Me despiden porque me hice viral el a\u00f1o pasado. B\u00e1sicamente dijeron: \u2018Lo hiciste sobre ti mismo. As\u00ed que ya no podemos tenerte trabajando all\u00ed&#8217;\u201d.<\/p>\n<p>La raz\u00f3n por la que lo despidieron no se le hizo justa, ya que coment\u00f3 que la raz\u00f3n por la que muchos modelos est\u00e1n en la Met Gala es para que se hagan conocidos.<\/p>\n<p>El modelo destac\u00f3 que en 2022 fue el encargado de acompa\u00f1ar a Kylie Jenner y que el a\u00f1o pasado se volvi\u00f3 viral, ya que apareci\u00f3 en fotos con algunas famosas y su apariencia f\u00edsica dio de qu\u00e9 hablar en redes sociales.<\/p>\n<p>Hasta ahora los organizadores de la Met Gala no han aclarado o desmentido si la informaci\u00f3n que dijo el modelo es verdadera.<\/p>\n<p>&nbsp;<\/p>\n","protected":false},"excerpt":{"rendered":"<p>Este lunes 6 de mayo se realiz\u00f3 la Met Gala 2024 en donde varias personalidades&#8230;<\/p>\n","protected":false},"author":1,"featured_media":22912,"comment_status":"open","ping_status":"closed","sticky":false,"template":"","format":"standard","meta":{"footnotes":""},"categories":[3],"tags":[],"class_list":["post-22910","post","type-post","status-publish","format-standard","has-post-thumbnail","hentry","category-espectaculos"],"_links":{"self":[{"href":"https:\/\/newsqr.com.mx\/index.php?rest_route=\/wp\/v2\/posts\/22910","targetHints":{"allow":["GET"]}}],"collection":[{"href":"https:\/\/newsqr.com.mx\/index.php?rest_route=\/wp\/v2\/posts"}],"about":[{"href":"https:\/\/newsqr.com.mx\/index.php?rest_route=\/wp\/v2\/types\/post"}],"author":[{"embeddable":true,"href":"https:\/\/newsqr.com.mx\/index.php?rest_route=\/wp\/v2\/users\/1"}],"replies":[{"embeddable":true,"href":"https:\/\/newsqr.com.mx\/index.php?rest_route=%2Fwp%2Fv2%2Fcomments&post=22910"}],"version-history":[{"count":1,"href":"https:\/\/newsqr.com.mx\/index.php?rest_route=\/wp\/v2\/posts\/22910\/revisions"}],"predecessor-version":[{"id":22911,"href":"https:\/\/newsqr.com.mx\/index.php?rest_route=\/wp\/v2\/posts\/22910\/revisions\/22911"}],"wp:featuredmedia":[{"embeddable":true,"href":"https:\/\/newsqr.com.mx\/index.php?rest_route=\/wp\/v2\/media\/22912"}],"wp:attachment":[{"href":"https:\/\/newsqr.com.mx\/index.php?rest_route=%2Fwp%2Fv2%2Fmedia&parent=22910"}],"wp:term":[{"taxonomy":"category","embeddable":true,"href":"https:\/\/newsqr.com.mx\/index.php?rest_route=%2Fwp%2Fv2%2Fcategories&post=22910"},{"taxonomy":"post_tag","embeddable":true,"href":"https:\/\/newsqr.com.mx\/index.php?rest_route=%2Fwp%2Fv2%2Ftags&post=22910"}],"curies":[{"name":"wp","href":"https:\/\/api.w.org\/{rel}","templated":true}]}}