{"id":22913,"date":"2024-05-07T10:41:56","date_gmt":"2024-05-07T15:41:56","guid":{"rendered":"https:\/\/newsqr.com.mx\/?p=22913"},"modified":"2024-05-07T15:41:57","modified_gmt":"2024-05-07T15:41:57","slug":"baja-california-presenta-crecimiento-economico-continuo","status":"publish","type":"post","link":"https:\/\/newsqr.com.mx\/?p=22913","title":{"rendered":"Baja California presenta crecimiento econ\u00f3mico continuo"},"content":{"rendered":"<p>La gobernadora de Baja California, Marina del Pilar Avila Olmeda, inform\u00f3 que la entidad es uno de los \u00fanicos tres estados en el pa\u00eds que se mantienen con un crecimiento continuo en su econom\u00eda, acorde a los reportes del Instituto Nacional de Estad\u00edstica y Geograf\u00eda (INEGI).<\/p>\n<p>El Indicador Trimestral de Actividad Econ\u00f3mica Estatal (ITAEE) emitido por el INEGI, precisa que Baja California, suma nueve trimestres consecutivos con crecimiento en su econom\u00eda, es decir, desde octubre del 2021, la econom\u00eda de la entidad no ha parado de crecer, otros estados con esta tendencia son Tabasco y Oaxaca, cit\u00f3 la gobernadora.<\/p>\n<p>La mandataria puntualiz\u00f3 que con ello, Baja California se constituye como la \u00fanica entidad de la frontera norte y de las m\u00e1s industrializadas en el pa\u00eds, que presenta un crecimiento sostenido.<\/p>\n<p>\u201cEs importante mencionar que el dato del crecimiento anual del ITAEE puede considerarse como un resultado preliminar de la tendencia del Producto Interno Bruto por Entidad Federativa (PIBE)\u201d, mencion\u00f3 la gobernadora.<\/p>\n<p>&nbsp;<\/p>\n<p>Tambi\u00e9n consider\u00f3 que la recuperaci\u00f3n del estado en el \u00e1mbito econ\u00f3mico desde la pre-pandemia ha sido notable, con un crecimiento de 9.6%, se ubica como el sexto estado con mejor desempe\u00f1o en su econom\u00eda. A nivel nacional el incremento fue de 5.2 por ciento.<\/p>\n<p>En el 2023 en comparativa con el 2022, la econom\u00eda estatal muestra un crecimiento del 2.9% anual. La industria de la construcci\u00f3n lider\u00f3 con el mejor desempe\u00f1o, registrando un destacable incremento anual del 23.3%, de manera conjunta el sector industrial creci\u00f3 4.6%, mientras que el sector primario creci\u00f3 2.7% y el de servicios 1.4%, seg\u00fan informaci\u00f3n local.<\/p>\n","protected":false},"excerpt":{"rendered":"<p>La gobernadora de Baja California, Marina del Pilar Avila Olmeda, inform\u00f3 que la entidad es&#8230;<\/p>\n","protected":false},"author":1,"featured_media":22915,"comment_status":"open","ping_status":"closed","sticky":false,"template":"","format":"standard","meta":{"footnotes":""},"categories":[2],"tags":[],"class_list":["post-22913","post","type-post","status-publish","format-standard","has-post-thumbnail","hentry","category-nacional"],"_links":{"self":[{"href":"https:\/\/newsqr.com.mx\/index.php?rest_route=\/wp\/v2\/posts\/22913","targetHints":{"allow":["GET"]}}],"collection":[{"href":"https:\/\/newsqr.com.mx\/index.php?rest_route=\/wp\/v2\/posts"}],"about":[{"href":"https:\/\/newsqr.com.mx\/index.php?rest_route=\/wp\/v2\/types\/post"}],"author":[{"embeddable":true,"href":"https:\/\/newsqr.com.mx\/index.php?rest_route=\/wp\/v2\/users\/1"}],"replies":[{"embeddable":true,"href":"https:\/\/newsqr.com.mx\/index.php?rest_route=%2Fwp%2Fv2%2Fcomments&post=22913"}],"version-history":[{"count":1,"href":"https:\/\/newsqr.com.mx\/index.php?rest_route=\/wp\/v2\/posts\/22913\/revisions"}],"predecessor-version":[{"id":22914,"href":"https:\/\/newsqr.com.mx\/index.php?rest_route=\/wp\/v2\/posts\/22913\/revisions\/22914"}],"wp:featuredmedia":[{"embeddable":true,"href":"https:\/\/newsqr.com.mx\/index.php?rest_route=\/wp\/v2\/media\/22915"}],"wp:attachment":[{"href":"https:\/\/newsqr.com.mx\/index.php?rest_route=%2Fwp%2Fv2%2Fmedia&parent=22913"}],"wp:term":[{"taxonomy":"category","embeddable":true,"href":"https:\/\/newsqr.com.mx\/index.php?rest_route=%2Fwp%2Fv2%2Fcategories&post=22913"},{"taxonomy":"post_tag","embeddable":true,"href":"https:\/\/newsqr.com.mx\/index.php?rest_route=%2Fwp%2Fv2%2Ftags&post=22913"}],"curies":[{"name":"wp","href":"https:\/\/api.w.org\/{rel}","templated":true}]}}