{"id":22916,"date":"2024-05-07T10:45:34","date_gmt":"2024-05-07T15:45:34","guid":{"rendered":"https:\/\/newsqr.com.mx\/?p=22916"},"modified":"2024-05-07T15:45:35","modified_gmt":"2024-05-07T15:45:35","slug":"amlo-niega-acercamiento-con-gobierno-de-ecuador-tras-asalto-a-la-embajada-en-quito","status":"publish","type":"post","link":"https:\/\/newsqr.com.mx\/?p=22916","title":{"rendered":"AMLO niega acercamiento con Gobierno de Ecuador tras asalto a la Embajada en Quito"},"content":{"rendered":"<p>El presidente mexicano, Andr\u00e9s Manuel L\u00f3pez Obrador, neg\u00f3 este martes que haya tenido ya un acercamiento con el Gobierno de Ecuador, encabezado por Daniel Noboa, tras el asalto a la Embajada mexicana en Quito que provoc\u00f3 la ruptura de relaciones diplom\u00e1ticas y la demanda en la Corte Internacional de Justicia (CIJ).<\/p>\n<p>Cuestionado durante su conferencia de prensa matutina sobre los avances en la demanda y un posible acercamiento con el presidente ecuatoriano, el presidente mexicano asegur\u00f3 que no ha habido contacto.<\/p>\n<p>No, adem\u00e1s es un asunto tambi\u00e9n de principios, es un asunto de fondo. Es que fue muy grave lo que sucedi\u00f3, o sea, imag\u00ednense que hay alguien que tiene asilo y que entran a la Embajada y se lo llevan, eso viola todas las normas de pol\u00edtica exterior\u201d, afirm\u00f3.<\/p>\n<p>L\u00f3pez Obrador se\u00f1al\u00f3 que lo que est\u00e1 pidiendo su gobierno, as\u00ed como otros pa\u00edses, es que M\u00e9xico u otra naci\u00f3n pueda dar asilo al exvicepresidente ecuatoriano Jorge Glas (2013-2017), quien est\u00e1 en prisi\u00f3n por corrupci\u00f3n tras su arresto durante el allanamiento a la Embajada mexicana en Quito la noche del 5 de abril.<\/p>\n<p>Dijo que el objetivo de su Gobierno tambi\u00e9n es trasladar a M\u00e9xico a Glas, quien se resguardaba en la sede diplom\u00e1tica mexicana desde diciembre.<\/p>\n<p>Asimismo, el gobernante mexicano se\u00f1al\u00f3 que la demanda contra el gobierno de Ecuador ante la CIJ avanza, pues sostuvo que Ecuador viol\u00f3 la soberan\u00eda de M\u00e9xico al invadir la Embajada y el derecho de asilo para Glas.<\/p>\n<p>\u201cEso es lo que estamos planteando y queremos que se castigue al Gobierno de Ecuador, no al pueblo de Ecuador, que es un pueblo hermano, sino al Gobierno de Ecuador por este acto autoritario, prepotente, suspendi\u00e9ndolo de Naciones Unidas en tanto no ofrezcan una disculpa p\u00fablica y sobre todo haga un compromiso de no repetici\u00f3n\u201d, expuso.<\/p>\n<p>M\u00e9xico rompi\u00f3 relaciones con Ecuador el 5 de abril, cuando la Polic\u00eda ecuatoriana irrumpi\u00f3 en la Embajada mexicana para detener a Glas.<\/p>\n<p>Tras ello, M\u00e9xico present\u00f3 una demanda ante la CIJ y en respuesta, Ecuador realiz\u00f3 una contrademanda en la que acus\u00f3 al Gobierno mexicano de violar las normas internacionales por el asilo que le dio a Glas mientras pesaban sobre \u00e9l procesos penales por corrupci\u00f3n.<\/p>\n","protected":false},"excerpt":{"rendered":"<p>El presidente mexicano, Andr\u00e9s Manuel L\u00f3pez Obrador, neg\u00f3 este martes que haya tenido ya un&#8230;<\/p>\n","protected":false},"author":1,"featured_media":22918,"comment_status":"open","ping_status":"closed","sticky":false,"template":"","format":"standard","meta":{"footnotes":""},"categories":[6],"tags":[],"class_list":["post-22916","post","type-post","status-publish","format-standard","has-post-thumbnail","hentry","category-internacional"],"_links":{"self":[{"href":"https:\/\/newsqr.com.mx\/index.php?rest_route=\/wp\/v2\/posts\/22916","targetHints":{"allow":["GET"]}}],"collection":[{"href":"https:\/\/newsqr.com.mx\/index.php?rest_route=\/wp\/v2\/posts"}],"about":[{"href":"https:\/\/newsqr.com.mx\/index.php?rest_route=\/wp\/v2\/types\/post"}],"author":[{"embeddable":true,"href":"https:\/\/newsqr.com.mx\/index.php?rest_route=\/wp\/v2\/users\/1"}],"replies":[{"embeddable":true,"href":"https:\/\/newsqr.com.mx\/index.php?rest_route=%2Fwp%2Fv2%2Fcomments&post=22916"}],"version-history":[{"count":1,"href":"https:\/\/newsqr.com.mx\/index.php?rest_route=\/wp\/v2\/posts\/22916\/revisions"}],"predecessor-version":[{"id":22917,"href":"https:\/\/newsqr.com.mx\/index.php?rest_route=\/wp\/v2\/posts\/22916\/revisions\/22917"}],"wp:featuredmedia":[{"embeddable":true,"href":"https:\/\/newsqr.com.mx\/index.php?rest_route=\/wp\/v2\/media\/22918"}],"wp:attachment":[{"href":"https:\/\/newsqr.com.mx\/index.php?rest_route=%2Fwp%2Fv2%2Fmedia&parent=22916"}],"wp:term":[{"taxonomy":"category","embeddable":true,"href":"https:\/\/newsqr.com.mx\/index.php?rest_route=%2Fwp%2Fv2%2Fcategories&post=22916"},{"taxonomy":"post_tag","embeddable":true,"href":"https:\/\/newsqr.com.mx\/index.php?rest_route=%2Fwp%2Fv2%2Ftags&post=22916"}],"curies":[{"name":"wp","href":"https:\/\/api.w.org\/{rel}","templated":true}]}}