{"id":22946,"date":"2024-05-09T17:02:05","date_gmt":"2024-05-09T22:02:05","guid":{"rendered":"https:\/\/newsqr.com.mx\/?p=22946"},"modified":"2024-05-09T22:02:07","modified_gmt":"2024-05-09T22:02:07","slug":"aurelien-tchouameni-en-duda-para-la-final-de-champions-league-ante-borussia-dortmund","status":"publish","type":"post","link":"https:\/\/newsqr.com.mx\/?p=22946","title":{"rendered":"Aur\u00e9lien Tchouameni, en duda para la Final de Champions League ante Borussia Dortmund"},"content":{"rendered":"<p>Real Madrid ha comunicado oficialmente la gravedad de la lesi\u00f3n sufrida por el mediocampista franc\u00e9s Aur\u00e9lien Tchouameni, quien corre el riesgo de perderse la Final de la UEFA Champions League ante Borussia Dortmund ante Wembley Stadium.<\/p>\n<p>Durante el partido de Vuelta de las Semifinales de la UEFA Champions League contra el Bayern M\u00fanich, Tchouameni tuvo que ser sustituido debido a una lesi\u00f3n en su pie izquierdo, lo que ha generado preocupaci\u00f3n en el equipo merengue.<\/p>\n<p>En un comunicado emitido este jueves, el cuadro merengue inform\u00f3 que luego de las pruebas m\u00e9dicas realizadas al jugador, se le diagnostic\u00f3 una lesi\u00f3n de estr\u00e9s en su pie izquierdo, y su lesi\u00f3n ser\u00e1 monitoreada de cerca.<\/p>\n<p>Este tipo de lesiones suele requerir un per\u00edodo de recuperaci\u00f3n de seis a ocho semanas, lo que pone en duda la participaci\u00f3n de Tchouameni en la Final de la UEFA Champions League programada para el 1 de junio.<\/p>\n<p>En la presente temporada de la Champions League, Tchouameni ha sido titular en siete de los ocho partidos que ha disputado, con un total de 605 minutos en el campo y tres tarjetas amarillas.<\/p>\n<p>Real Madrid, que se coron\u00f3 campe\u00f3n de LaLiga esta temporada, aspira a conseguir el doblete en la UEFA Champions League. De lograrlo, ser\u00eda su decimoquinto t\u00edtulo europeo y el quinto de Carlo Ancelotti, el t\u00e9cnico m\u00e1s exitoso en esta competici\u00f3n y con tres t\u00edtulos previos con el club blanco.<\/p>\n<p>A pesar de la incertidumbre respecto a su participaci\u00f3n en la Final de la UEFA Champions League, se espera que Tchouameni est\u00e9 en condiciones \u00f3ptimas para representar a la Selecci\u00f3n de Francia en la Eurocopa 2024, que dar\u00e1 inicio el 14 de junio y concluir\u00e1 un mes despu\u00e9s en Alemania, pa\u00eds anfitri\u00f3n del torneo.<\/p>\n","protected":false},"excerpt":{"rendered":"<p>Real Madrid ha comunicado oficialmente la gravedad de la lesi\u00f3n sufrida por el mediocampista franc\u00e9s&#8230;<\/p>\n","protected":false},"author":1,"featured_media":22948,"comment_status":"open","ping_status":"closed","sticky":false,"template":"","format":"standard","meta":{"footnotes":""},"categories":[5],"tags":[],"class_list":["post-22946","post","type-post","status-publish","format-standard","has-post-thumbnail","hentry","category-deportes"],"_links":{"self":[{"href":"https:\/\/newsqr.com.mx\/index.php?rest_route=\/wp\/v2\/posts\/22946","targetHints":{"allow":["GET"]}}],"collection":[{"href":"https:\/\/newsqr.com.mx\/index.php?rest_route=\/wp\/v2\/posts"}],"about":[{"href":"https:\/\/newsqr.com.mx\/index.php?rest_route=\/wp\/v2\/types\/post"}],"author":[{"embeddable":true,"href":"https:\/\/newsqr.com.mx\/index.php?rest_route=\/wp\/v2\/users\/1"}],"replies":[{"embeddable":true,"href":"https:\/\/newsqr.com.mx\/index.php?rest_route=%2Fwp%2Fv2%2Fcomments&post=22946"}],"version-history":[{"count":1,"href":"https:\/\/newsqr.com.mx\/index.php?rest_route=\/wp\/v2\/posts\/22946\/revisions"}],"predecessor-version":[{"id":22947,"href":"https:\/\/newsqr.com.mx\/index.php?rest_route=\/wp\/v2\/posts\/22946\/revisions\/22947"}],"wp:featuredmedia":[{"embeddable":true,"href":"https:\/\/newsqr.com.mx\/index.php?rest_route=\/wp\/v2\/media\/22948"}],"wp:attachment":[{"href":"https:\/\/newsqr.com.mx\/index.php?rest_route=%2Fwp%2Fv2%2Fmedia&parent=22946"}],"wp:term":[{"taxonomy":"category","embeddable":true,"href":"https:\/\/newsqr.com.mx\/index.php?rest_route=%2Fwp%2Fv2%2Fcategories&post=22946"},{"taxonomy":"post_tag","embeddable":true,"href":"https:\/\/newsqr.com.mx\/index.php?rest_route=%2Fwp%2Fv2%2Ftags&post=22946"}],"curies":[{"name":"wp","href":"https:\/\/api.w.org\/{rel}","templated":true}]}}