{"id":22955,"date":"2024-05-10T08:02:37","date_gmt":"2024-05-10T13:02:37","guid":{"rendered":"https:\/\/newsqr.com.mx\/?p=22955"},"modified":"2024-05-10T13:02:39","modified_gmt":"2024-05-10T13:02:39","slug":"claudio-bravo-revelo-que-chicharito-le-rogo-para-detener-la-goleada-en-la-copa-america-2016","status":"publish","type":"post","link":"https:\/\/newsqr.com.mx\/?p=22955","title":{"rendered":"Claudio Bravo revel\u00f3 que Chicharito le &#8216;rog\u00f3&#8217; para detener la goleada en la Copa Am\u00e9rica 2016"},"content":{"rendered":"<p>Record\u00f3 la goleada. Con la Copa Am\u00e9rica a puntos de comenzar, uno de los peores momentos de la Selecci\u00f3n Mexicana vuelve a resurgir. Durante el centenario de la Copa Am\u00e9rica, M\u00e9xico termin\u00f3 cayendo por goleada de 7-0 ante Chile, partido que Claudio Bravo no olvida.<\/p>\n<p>El portero chileno fue pieza clave para que Chile ganara dos t\u00edtulos consecutivos de Copa Am\u00e9rica. En la segunda edici\u00f3n, el equipo sudamericano elimin\u00f3 a M\u00e9xico en los Cuartos de Final con la goleada hist\u00f3rica.<\/p>\n<p>En entrevista, el portero record\u00f3 el partido donde seg\u00fan comenta, los siete goles no reflejaron el dominio chileno, pues considera que pudieron haber ganado por 10 goles o m\u00e1s. Sin embargo, revel\u00f3 que Javier Hern\u00e1ndez pidi\u00f3 que bajaran la intensidad.<\/p>\n<p>\u201cNosotros a M\u00e9xico les pudimos haber hecho 10. Me acuerdo de que me ven\u00eda a apretar Chicharito. Me dec\u00eda \u2018por favor, diles a tus compa\u00f1eros que paren, diles que paren. En el segundo tiempo \u201crevel\u00f3 el portero en entrevista para Canal 13.<\/p>\n<p>Adem\u00e1s, el portero record\u00f3 el gran nivel que tuvo su Selecci\u00f3n en dicho partido, lo cual result\u00f3 en el apoyo de la afici\u00f3n rival al finalizar el partido. \u201cFue una clase de futbol. Creo que en el cuarto gol todo el estadio empieza a gritar \u2018ol\u00e9&#8217;. Termina el partido y me acuerdo que nos fuimos ovacionados del estadio, por los mexicanos\u201d.<\/p>\n<p>Aquella derrota en el Levis Stadium de Santa Clara sigue siendo la peor derrota en la historia de la Selecci\u00f3n Mexicana.<\/p>\n<p>&nbsp;<\/p>\n","protected":false},"excerpt":{"rendered":"<p>Record\u00f3 la goleada. Con la Copa Am\u00e9rica a puntos de comenzar, uno de los peores&#8230;<\/p>\n","protected":false},"author":1,"featured_media":22957,"comment_status":"open","ping_status":"closed","sticky":false,"template":"","format":"standard","meta":{"footnotes":""},"categories":[5],"tags":[],"class_list":["post-22955","post","type-post","status-publish","format-standard","has-post-thumbnail","hentry","category-deportes"],"_links":{"self":[{"href":"https:\/\/newsqr.com.mx\/index.php?rest_route=\/wp\/v2\/posts\/22955","targetHints":{"allow":["GET"]}}],"collection":[{"href":"https:\/\/newsqr.com.mx\/index.php?rest_route=\/wp\/v2\/posts"}],"about":[{"href":"https:\/\/newsqr.com.mx\/index.php?rest_route=\/wp\/v2\/types\/post"}],"author":[{"embeddable":true,"href":"https:\/\/newsqr.com.mx\/index.php?rest_route=\/wp\/v2\/users\/1"}],"replies":[{"embeddable":true,"href":"https:\/\/newsqr.com.mx\/index.php?rest_route=%2Fwp%2Fv2%2Fcomments&post=22955"}],"version-history":[{"count":1,"href":"https:\/\/newsqr.com.mx\/index.php?rest_route=\/wp\/v2\/posts\/22955\/revisions"}],"predecessor-version":[{"id":22956,"href":"https:\/\/newsqr.com.mx\/index.php?rest_route=\/wp\/v2\/posts\/22955\/revisions\/22956"}],"wp:featuredmedia":[{"embeddable":true,"href":"https:\/\/newsqr.com.mx\/index.php?rest_route=\/wp\/v2\/media\/22957"}],"wp:attachment":[{"href":"https:\/\/newsqr.com.mx\/index.php?rest_route=%2Fwp%2Fv2%2Fmedia&parent=22955"}],"wp:term":[{"taxonomy":"category","embeddable":true,"href":"https:\/\/newsqr.com.mx\/index.php?rest_route=%2Fwp%2Fv2%2Fcategories&post=22955"},{"taxonomy":"post_tag","embeddable":true,"href":"https:\/\/newsqr.com.mx\/index.php?rest_route=%2Fwp%2Fv2%2Ftags&post=22955"}],"curies":[{"name":"wp","href":"https:\/\/api.w.org\/{rel}","templated":true}]}}