{"id":22958,"date":"2024-05-10T08:07:50","date_gmt":"2024-05-10T13:07:50","guid":{"rendered":"https:\/\/newsqr.com.mx\/?p=22958"},"modified":"2024-05-10T13:07:52","modified_gmt":"2024-05-10T13:07:52","slug":"enrique-bunbury-de-vuelta-en-mexico","status":"publish","type":"post","link":"https:\/\/newsqr.com.mx\/?p=22958","title":{"rendered":"Enrique Bunbury de vuelta en M\u00e9xico"},"content":{"rendered":"<p>Bunbury us\u00f3 la palabra \u201cvolantazo\u201d para referirse a su carrera, algo acertado, al menos para \u00e9l, un tipo que se niega a aferrarse al pasado y cuyo camino jam\u00e1s est\u00e1 determinado.<\/p>\n<p>El zaragozano estuvo ayer por la tarde en el Polyforum Siqueiros para hablar de su vuelta a los escenarios, luego de un breve retiro por problemas con su voz derivados del glicol, sustancia presente en las m\u00e1quinas de humo.<\/p>\n<p>\u00bfQuedaron da\u00f1os colaterales? Ninguno aparentemente. No entr\u00f3 a ning\u00fan proceso de rehabilitaci\u00f3n, tampoco su voz se vio disminuida como para segregar canciones de su obra que abarcan Los H\u00e9roes del Silencio, Bushido o \u00e9l como solista.<\/p>\n<p>\u201cPr\u00e1cticamente todos los shows del 35 aniversario fueron complicados. Fue un escalar constante y s\u00ed fue una experiencia ciertamente traum\u00e1tica el pensar que ya no iba a subir otra vez a un escenario, de hecho, durante mucho tiempo pens\u00e9 que era el final de mi carrera y que tendr\u00eda que buscar en otras posibilidades\u201d, se sincer\u00f3 en conferencia de prensa.<\/p>\n<p>Por su cabeza pens\u00f3 que La carta, su nuevo libro y con el que llegar\u00e1 hoy a una firma de aut\u00f3grafos en la librer\u00eda Gandhi en su sucursal Mauricio Achar (Miguel \u00c1ngel de Quevedo No. 121), lo condicionar\u00eda a componer, hacer m\u00fasica para pel\u00edculas y otras expresiones.<\/p>\n<p>En diciembre fue su prueba de fuego. Absolutamente, todo bien con los cinco shows en Sudam\u00e9rica, en los que transcurri\u00f3 todo en orden con su voz. Y vendr\u00e1n los seis que tiene en junio, incluidos los del 8 de junio en la Curva del Aut\u00f3dromo Hermanos Rodr\u00edguez de la CDMX y el 12 del mismo mes en el Estadio Tres de Marzo en Guadalajara, ambos agotados. Agregando Los \u00c1ngeles, Nueva York, Madrid y Zaragoza. Como dice su cartel en redes sociales, son los \u00fanicos shows del a\u00f1o.<\/p>\n<p>\u201cTodav\u00eda ni me he atrevido a plantear lo que es una gira, estamos haciendo conciertos poco a poco y no s\u00e9 si volver\u00e9 a las giras, conciertos s\u00ed, pero no tours tan grandes como los hice durante much\u00edsimos a\u00f1os\u201d, precis\u00f3<\/p>\n<p>Le preocupa la obsesi\u00f3n por la tecnolog\u00eda<\/p>\n<p>Al terminar sus shows exclusivos comenzar\u00e1 a grabar el \u00e1lbum sucesor de Greta Garbo, producido por Ad\u00e1n Jodorowsky y lanzado en 2023, pero cree que es bastante prematuro empezar a hablar de \u00e9ste. As\u00ed que dedic\u00f3 su tiempo a hablar un poco m\u00e1s de las reflexiones que le dej\u00f3 la experiencia de ser autor de Exilio Topanga, MicroDosis y, ahora, La carta, la serie de misivas que intercambi\u00f3 con fans que le formularon preguntas de toda \u00edndole.<\/p>\n<p>Por ejemplo, y tiene mucho que ver su respuesta con la distancia que toma como ser humano con los avances tecnol\u00f3gicos, Enrique no considerar\u00eda en lo m\u00e1s m\u00ednimo prestar su obra literaria a la adaptaci\u00f3n en televisi\u00f3n o cinematogr\u00e1fica.<\/p>\n<p>\u201cPorque, en el libro, el lector debe poner su parte, el esfuerzo por entender y comprender un mundo en concreto. Los podcasts y los audiolibros me parece que est\u00e1n bien, pero considero que es mejor la lectura\u201d, opin\u00f3.<\/p>\n<p>Tambi\u00e9n habl\u00f3 del famoso tema de los celulares en los conciertos y aunque en absoluto mencion\u00f3 tomar alg\u00fan tipo de medida dr\u00e1stica, incluso autoritaria, como la han puesto en marcha grupos como Placebo, A Perfect Circle y Tool, Bunbury fue bastante claro al hablar de lo que a\u00f1ora de las d\u00e9cadas de 1980 y 1990.<\/p>\n<p>\u201cSi hay algo que me parece preocupante en los dosmiles es la obsesi\u00f3n con la nueva tecnolog\u00eda, el pensar que es buena per se y que todo avance nos lleva a un lugar mejor sin ning\u00fan tipo de reflexi\u00f3n eso merece un debate y una reflexi\u00f3n m\u00e1s profunda.<\/p>\n<p>\u201cYo recuerdo los 90 y un concierto sin tel\u00e9fonos entre el p\u00fablico es gloria. Es lo mejor. Para los que no estuvieron en ese entonces, no tienen idea la belleza que era ver al fan entregado al disfrute de la m\u00fasica, sin tener que preocuparse de grabar para su prima o internet. Si pudiera hacer que esos conciertos volvieran de esa forma, lo har\u00eda inmediatamente\u201d, expuso.<\/p>\n<p>&nbsp;<\/p>\n<p>Sobre Greta Garbo<\/p>\n<p>Lo produjo junto a Ad\u00e1n Jodorowsky en la Ciudad de M\u00e9xico.<br \/>\nEl disco se llama Greta Garbo en honor a la actriz sueca que se retir\u00f3 a los 36 a\u00f1os.<br \/>\nCrey\u00f3 que su abandono de la actuaci\u00f3n era similar a su retiro temporal a la m\u00fasica en vivo.<br \/>\nDiez canciones que coexisten entre la esperanza y desesperanza.<br \/>\nEl disco alaba a la mujer por mostrarse vulnerable con fortaleza ante cualquier situaci\u00f3n.<br \/>\nNo s\u00f3lo es tiempo de C. Tangana<\/p>\n<p>Al hablarle sobre la globalizaci\u00f3n de la m\u00fasica latina escuch\u00f3 los nombres de Rosal\u00eda, C. Tangana y Peso Pluma y pens\u00f3 que los tres pertenecen al g\u00e9nero urbano y mainstream, aunque cada uno con su buena aportaci\u00f3n a la difusi\u00f3n del folclor de sus respectivos pa\u00edses.<\/p>\n<p>Entonces, respald\u00f3 al artista nuevo, que tambi\u00e9n est\u00e1 presente en estos tiempos y que empuja desde lo autogestivo.<\/p>\n<p>\u201cPero tambi\u00e9n pienso en Natalia Lafourcade, Silvana Estrada y Mon Laferte. Pensar que es el tiempo de Tangana y no de Natalia me parece que no es cierto, pero tambi\u00e9n hay artistas que hacen grandes discos como Le\u00f3n Larregui, Austin TV, Babas\u00f3nicos y Conociendo Rusia. Mirar s\u00f3lo los discos m\u00e1s vendidos es s\u00f3lo quedarnos con una parte de todo el panorama musical\u201d, se\u00f1al\u00f3.<\/p>\n<p>Antes de irse, Enrique cont\u00f3 que pronto distribuir\u00e1 en Espa\u00f1a y Latinoam\u00e9rica su vino Land\u00e1zuri, un chacol\u00ed (vino blanco) en homenaje a sus abuelos originarios de Navarra. \u201cY un beso a todas sus mam\u00e1s\u201d, dijo antes de retirarse y sabiendo que hoy es D\u00eda de las Madres. Hasta junio, Enrique.<\/p>\n<p>&nbsp;<\/p>\n","protected":false},"excerpt":{"rendered":"<p>Bunbury us\u00f3 la palabra \u201cvolantazo\u201d para referirse a su carrera, algo acertado, al menos para&#8230;<\/p>\n","protected":false},"author":1,"featured_media":22960,"comment_status":"open","ping_status":"closed","sticky":false,"template":"","format":"standard","meta":{"footnotes":""},"categories":[3],"tags":[],"class_list":["post-22958","post","type-post","status-publish","format-standard","has-post-thumbnail","hentry","category-espectaculos"],"_links":{"self":[{"href":"https:\/\/newsqr.com.mx\/index.php?rest_route=\/wp\/v2\/posts\/22958","targetHints":{"allow":["GET"]}}],"collection":[{"href":"https:\/\/newsqr.com.mx\/index.php?rest_route=\/wp\/v2\/posts"}],"about":[{"href":"https:\/\/newsqr.com.mx\/index.php?rest_route=\/wp\/v2\/types\/post"}],"author":[{"embeddable":true,"href":"https:\/\/newsqr.com.mx\/index.php?rest_route=\/wp\/v2\/users\/1"}],"replies":[{"embeddable":true,"href":"https:\/\/newsqr.com.mx\/index.php?rest_route=%2Fwp%2Fv2%2Fcomments&post=22958"}],"version-history":[{"count":1,"href":"https:\/\/newsqr.com.mx\/index.php?rest_route=\/wp\/v2\/posts\/22958\/revisions"}],"predecessor-version":[{"id":22959,"href":"https:\/\/newsqr.com.mx\/index.php?rest_route=\/wp\/v2\/posts\/22958\/revisions\/22959"}],"wp:featuredmedia":[{"embeddable":true,"href":"https:\/\/newsqr.com.mx\/index.php?rest_route=\/wp\/v2\/media\/22960"}],"wp:attachment":[{"href":"https:\/\/newsqr.com.mx\/index.php?rest_route=%2Fwp%2Fv2%2Fmedia&parent=22958"}],"wp:term":[{"taxonomy":"category","embeddable":true,"href":"https:\/\/newsqr.com.mx\/index.php?rest_route=%2Fwp%2Fv2%2Fcategories&post=22958"},{"taxonomy":"post_tag","embeddable":true,"href":"https:\/\/newsqr.com.mx\/index.php?rest_route=%2Fwp%2Fv2%2Ftags&post=22958"}],"curies":[{"name":"wp","href":"https:\/\/api.w.org\/{rel}","templated":true}]}}