{"id":22964,"date":"2024-05-10T08:16:19","date_gmt":"2024-05-10T13:16:19","guid":{"rendered":"https:\/\/newsqr.com.mx\/?p=22964"},"modified":"2024-05-10T13:16:20","modified_gmt":"2024-05-10T13:16:20","slug":"papa-francisco-pide-rezar-por-el-pero-a-favor-y-no-en-contra","status":"publish","type":"post","link":"https:\/\/newsqr.com.mx\/?p=22964","title":{"rendered":"Papa Francisco pide rezar por \u00e9l, pero \u201ca favor\u201d y \u201cno en contra\u201d"},"content":{"rendered":"<p>El papa Francisco pidi\u00f3 este viernes a los asistentes en un acto en Roma que recen por \u00e9l, pero \u201ca favor\u201d y \u201cno en contra\u201d y brome\u00f3 al recordar una an\u00e9cdota que le hab\u00eda sucedido con una anciana que le dijo que los que rezaban contra \u00e9l estaban \u201call\u00ed dentro\u201d, en alusi\u00f3n al Vaticano.<\/p>\n<p>Por favor les pido que no se olviden de rezar por m\u00ed, pero rezad a favor, no contra\u201d, dijo el pont\u00edfice al concluir su intervenci\u00f3n en los \u201cEstados Generales de la Natalidad\u201d, en el que pol\u00edticos y personalidades reflexionan durante dos d\u00edas sobre la cuesti\u00f3n, muy candente en el pa\u00eds.<\/p>\n<p>Al t\u00e9rmino de su discurso, en el que inst\u00f3 a decisiones \u201cvalientes\u201d y \u201ceficaces\u201d por parte de los Gobiernos \u201ca favor de la familia\u201d para que aumente la natalidad, el papa Francisco pidi\u00f3 a los presentes, como es habitual, que rezaran por \u00e9l, pero esta vez agreg\u00f3 que lo hicieran \u201ca favor, no en contra\u201d.<\/p>\n<p>Esto \u201clo digo porque una vez estaba terminando una audiencia y a 20 metros una anciana peque\u00f1a, ojos bellisismos, muy simp\u00e1tica, me dijo ven, ven. Me acerqu\u00e9, se\u00f1ora como se llama, me dijo el nombre y cuantos a\u00f1os ten\u00eda, 87\u201d, explic\u00f3 Francisco, que tiene 88.<\/p>\n<p>El papa sigui\u00f3 explicando su conversaci\u00f3n antes de a\u00f1adir que al final le pidi\u00f3 que rezara por \u00e9l.<\/p>\n<p>\u201cMe dijo que lo hac\u00eda todos los d\u00edas. Y yo, por bromear, le dije, pero rece a favor y no en contra, y la viejita sonriendo me dijo: \u2018Est\u00e9 atento Padre, en contra le rezan all\u00ed dentro\u2019. Lista, eh?\u201d, brome\u00f3 Francisco entre las risas de los asistentes.<\/p>\n","protected":false},"excerpt":{"rendered":"<p>El papa Francisco pidi\u00f3 este viernes a los asistentes en un acto en Roma que&#8230;<\/p>\n","protected":false},"author":1,"featured_media":22966,"comment_status":"open","ping_status":"closed","sticky":false,"template":"","format":"standard","meta":{"footnotes":""},"categories":[6],"tags":[],"class_list":["post-22964","post","type-post","status-publish","format-standard","has-post-thumbnail","hentry","category-internacional"],"_links":{"self":[{"href":"https:\/\/newsqr.com.mx\/index.php?rest_route=\/wp\/v2\/posts\/22964","targetHints":{"allow":["GET"]}}],"collection":[{"href":"https:\/\/newsqr.com.mx\/index.php?rest_route=\/wp\/v2\/posts"}],"about":[{"href":"https:\/\/newsqr.com.mx\/index.php?rest_route=\/wp\/v2\/types\/post"}],"author":[{"embeddable":true,"href":"https:\/\/newsqr.com.mx\/index.php?rest_route=\/wp\/v2\/users\/1"}],"replies":[{"embeddable":true,"href":"https:\/\/newsqr.com.mx\/index.php?rest_route=%2Fwp%2Fv2%2Fcomments&post=22964"}],"version-history":[{"count":1,"href":"https:\/\/newsqr.com.mx\/index.php?rest_route=\/wp\/v2\/posts\/22964\/revisions"}],"predecessor-version":[{"id":22965,"href":"https:\/\/newsqr.com.mx\/index.php?rest_route=\/wp\/v2\/posts\/22964\/revisions\/22965"}],"wp:featuredmedia":[{"embeddable":true,"href":"https:\/\/newsqr.com.mx\/index.php?rest_route=\/wp\/v2\/media\/22966"}],"wp:attachment":[{"href":"https:\/\/newsqr.com.mx\/index.php?rest_route=%2Fwp%2Fv2%2Fmedia&parent=22964"}],"wp:term":[{"taxonomy":"category","embeddable":true,"href":"https:\/\/newsqr.com.mx\/index.php?rest_route=%2Fwp%2Fv2%2Fcategories&post=22964"},{"taxonomy":"post_tag","embeddable":true,"href":"https:\/\/newsqr.com.mx\/index.php?rest_route=%2Fwp%2Fv2%2Ftags&post=22964"}],"curies":[{"name":"wp","href":"https:\/\/api.w.org\/{rel}","templated":true}]}}