{"id":22967,"date":"2024-05-11T22:36:43","date_gmt":"2024-05-12T03:36:43","guid":{"rendered":"https:\/\/newsqr.com.mx\/?p=22967"},"modified":"2024-05-12T03:36:45","modified_gmt":"2024-05-12T03:36:45","slug":"barcelona-sin-capacidad-de-respuesta-ante-el-posible-fichaje-de-mbappe-con-real-madrid","status":"publish","type":"post","link":"https:\/\/newsqr.com.mx\/?p=22967","title":{"rendered":"Barcelona sin capacidad de respuesta ante el posible fichaje de Mbapp\u00e9 con Real Madrid"},"content":{"rendered":"<p>Parece que el futuro de Kylian Mbapp\u00e9 finalmente es Real Madrid. El franc\u00e9s ya no renov\u00f3 contrato con el PSG por lo que parece que para la temporada 2024-25 ser\u00e1 nuevo jugador merengue.<\/p>\n<p>Esta situaci\u00f3n ha generado una inquietud en Barcelona, pues actualmente no tiene la capacidad de poder responder a lo que se espera, sea el fichaje m\u00e1s importante de la d\u00e9cada. Esto se debe a las limitaciones financieras por malas activadas por la administraci\u00f3n del club blaugrana.<\/p>\n<p>Hist\u00f3ricamente, el Barcelona ha podido hacer frente a los fichajes estelares del Real Madrid, pero la situaci\u00f3n econ\u00f3mica actual y la estrategia de mercado impiden al club catal\u00e1n realizar incorporaciones que puedan eclipsar o atenuar el impacto de la llegada de Mbapp\u00e9.<\/p>\n<p>Cabe destacar que, en comentarios recientes, la directiva y los jugadores no est\u00e1n preocupados con la llegada del franc\u00e9s. Robert Lewandowski, delantero del Barcelona, mostr\u00f3 su entusiasmo por enfrentar al delantero, mostrando que no teme su incorporaci\u00f3n. Por otro lado, Joan Laporta, presidente del club, sugiri\u00f3 que el fichaje podr\u00eda generar tensiones internas en el Real Madrid, lo cual podr\u00eda alterar la din\u00e1mica de su vestuario.<\/p>\n<p>Mientras el Barcelona navega por estos momentos convulsos, tanto en lo deportivo como en lo institucional, la posible llegada de Mbapp\u00e9 al Real Madrid no solo refuerza a un rival directo, que viene de ser campe\u00f3n de LaLiga y la Supercopa, adem\u00e1s que es finalista de la Champions League.<\/p>\n","protected":false},"excerpt":{"rendered":"<p>Parece que el futuro de Kylian Mbapp\u00e9 finalmente es Real Madrid. El franc\u00e9s ya no&#8230;<\/p>\n","protected":false},"author":1,"featured_media":22969,"comment_status":"open","ping_status":"closed","sticky":false,"template":"","format":"standard","meta":{"footnotes":""},"categories":[5],"tags":[],"class_list":["post-22967","post","type-post","status-publish","format-standard","has-post-thumbnail","hentry","category-deportes"],"_links":{"self":[{"href":"https:\/\/newsqr.com.mx\/index.php?rest_route=\/wp\/v2\/posts\/22967","targetHints":{"allow":["GET"]}}],"collection":[{"href":"https:\/\/newsqr.com.mx\/index.php?rest_route=\/wp\/v2\/posts"}],"about":[{"href":"https:\/\/newsqr.com.mx\/index.php?rest_route=\/wp\/v2\/types\/post"}],"author":[{"embeddable":true,"href":"https:\/\/newsqr.com.mx\/index.php?rest_route=\/wp\/v2\/users\/1"}],"replies":[{"embeddable":true,"href":"https:\/\/newsqr.com.mx\/index.php?rest_route=%2Fwp%2Fv2%2Fcomments&post=22967"}],"version-history":[{"count":1,"href":"https:\/\/newsqr.com.mx\/index.php?rest_route=\/wp\/v2\/posts\/22967\/revisions"}],"predecessor-version":[{"id":22968,"href":"https:\/\/newsqr.com.mx\/index.php?rest_route=\/wp\/v2\/posts\/22967\/revisions\/22968"}],"wp:featuredmedia":[{"embeddable":true,"href":"https:\/\/newsqr.com.mx\/index.php?rest_route=\/wp\/v2\/media\/22969"}],"wp:attachment":[{"href":"https:\/\/newsqr.com.mx\/index.php?rest_route=%2Fwp%2Fv2%2Fmedia&parent=22967"}],"wp:term":[{"taxonomy":"category","embeddable":true,"href":"https:\/\/newsqr.com.mx\/index.php?rest_route=%2Fwp%2Fv2%2Fcategories&post=22967"},{"taxonomy":"post_tag","embeddable":true,"href":"https:\/\/newsqr.com.mx\/index.php?rest_route=%2Fwp%2Fv2%2Ftags&post=22967"}],"curies":[{"name":"wp","href":"https:\/\/api.w.org\/{rel}","templated":true}]}}