{"id":22985,"date":"2024-05-12T21:46:06","date_gmt":"2024-05-13T02:46:06","guid":{"rendered":"https:\/\/newsqr.com.mx\/?p=22985"},"modified":"2024-05-13T02:46:08","modified_gmt":"2024-05-13T02:46:08","slug":"carlo-ancelotti-repitio-el-iconico-festejo-del-puro-tras-ganar-la-liga-con-el-real-madrid","status":"publish","type":"post","link":"https:\/\/newsqr.com.mx\/?p=22985","title":{"rendered":"Carlo Ancelotti repiti\u00f3 el ic\u00f3nico festejo del puro tras ganar la Liga con el Real Madrid"},"content":{"rendered":"<p>El Real Madrid celebr\u00f3 su t\u00edtulo n\u00famero 36 de LaLiga con una gran fiesta el d\u00eda de hoy, domingo 12 de mayo de 2024, tras su reciente victoria sobre el Bayern Munich en las Semifinales de la UEFA Champions League. Sin embargo, m\u00e1s all\u00e1 de los logros deportivos, las celebraciones estuvieron marcadas por la figura del t\u00e9cnico Carlo Ancelotti.<\/p>\n<p>Ancelotti, conocido por su experiencia y serenidad en el terreno de juego, demostr\u00f3 una vez m\u00e1s su carisma durante los festejos. Repitiendo un ic\u00f3nico gesto del pasado, el entrenador italiano pos\u00f3 con un puro al lado de sus jugadores Camavinga, Vin\u00edcius, Militao, Alaba y Rodrygo, reviviendo as\u00ed un famoso meme del 2022 que ha quedado grabado en la memoria de los aficionados madridistas.<\/p>\n<p>Pero el momento m\u00e1s emotivo lleg\u00f3 durante el show previo al desfile del campe\u00f3n, cuando Ancelotti se dirigi\u00f3 al balc\u00f3n de la Puerta del Sol. Tomando el micr\u00f3fono, enton\u00f3 el himno de la D\u00e9cima, el cual fue coreado por la multitud de madridistas presentes.<\/p>\n<p>\u00bbA m\u00ed me gusta cantar y ahora vamos a cantar juntos la canci\u00f3n m\u00e1s bonita del mundo\u00bb, expres\u00f3 emocionado. \u00bbMuchas gracias por vuestra ayuda en esta temporada. Os quiero mucho. \u00a1Hala Madrid! Yo tengo un sue\u00f1o: quiero bailar con Eduardo Camavinga. M\u00fasica, maestro\u00bb, a\u00f1adi\u00f3 antes de dar paso al desfile.<\/p>\n<p>El Real Madrid todav\u00eda tiene partidos por disputar en LaLiga, adem\u00e1s de la Final de la UEFA Champions League ante el Borussia Dortmund en el m\u00edtico estadio de Wembley el pr\u00f3ximo 1 de junio.<\/p>\n","protected":false},"excerpt":{"rendered":"<p>El Real Madrid celebr\u00f3 su t\u00edtulo n\u00famero 36 de LaLiga con una gran fiesta el&#8230;<\/p>\n","protected":false},"author":1,"featured_media":22987,"comment_status":"open","ping_status":"closed","sticky":false,"template":"","format":"standard","meta":{"footnotes":""},"categories":[5],"tags":[],"class_list":["post-22985","post","type-post","status-publish","format-standard","has-post-thumbnail","hentry","category-deportes"],"_links":{"self":[{"href":"https:\/\/newsqr.com.mx\/index.php?rest_route=\/wp\/v2\/posts\/22985","targetHints":{"allow":["GET"]}}],"collection":[{"href":"https:\/\/newsqr.com.mx\/index.php?rest_route=\/wp\/v2\/posts"}],"about":[{"href":"https:\/\/newsqr.com.mx\/index.php?rest_route=\/wp\/v2\/types\/post"}],"author":[{"embeddable":true,"href":"https:\/\/newsqr.com.mx\/index.php?rest_route=\/wp\/v2\/users\/1"}],"replies":[{"embeddable":true,"href":"https:\/\/newsqr.com.mx\/index.php?rest_route=%2Fwp%2Fv2%2Fcomments&post=22985"}],"version-history":[{"count":1,"href":"https:\/\/newsqr.com.mx\/index.php?rest_route=\/wp\/v2\/posts\/22985\/revisions"}],"predecessor-version":[{"id":22986,"href":"https:\/\/newsqr.com.mx\/index.php?rest_route=\/wp\/v2\/posts\/22985\/revisions\/22986"}],"wp:featuredmedia":[{"embeddable":true,"href":"https:\/\/newsqr.com.mx\/index.php?rest_route=\/wp\/v2\/media\/22987"}],"wp:attachment":[{"href":"https:\/\/newsqr.com.mx\/index.php?rest_route=%2Fwp%2Fv2%2Fmedia&parent=22985"}],"wp:term":[{"taxonomy":"category","embeddable":true,"href":"https:\/\/newsqr.com.mx\/index.php?rest_route=%2Fwp%2Fv2%2Fcategories&post=22985"},{"taxonomy":"post_tag","embeddable":true,"href":"https:\/\/newsqr.com.mx\/index.php?rest_route=%2Fwp%2Fv2%2Ftags&post=22985"}],"curies":[{"name":"wp","href":"https:\/\/api.w.org\/{rel}","templated":true}]}}