{"id":23003,"date":"2024-05-14T17:14:16","date_gmt":"2024-05-14T22:14:16","guid":{"rendered":"https:\/\/newsqr.com.mx\/?p=23003"},"modified":"2024-05-14T22:14:17","modified_gmt":"2024-05-14T22:14:17","slug":"bu-cuaron-independiente-creativa-y-poderosa","status":"publish","type":"post","link":"https:\/\/newsqr.com.mx\/?p=23003","title":{"rendered":"Bu Cuar\u00f3n, independiente, creativa y poderosa"},"content":{"rendered":"<p>Bu Cuar\u00f3n creci\u00f3 en una familia dedicada, interesada e inspirada en el arte. Estar rodeada de m\u00fasica, libros, cine, idiomas y diferentes culturas, al ser hija de un mexicano y una italiana, era de lo m\u00e1s normal.<\/p>\n<p>La joven veintea\u00f1era, hija del director Alfonso Cuar\u00f3n y de la periodista italiana Annalisa Bugliani, supo desde muy peque\u00f1a que lo suyo ser\u00eda la m\u00fasica y desde hace cinco a\u00f1os, de manera formal, dedic\u00f3 su atenci\u00f3n a dicho \u00e1mbito, en el que reci\u00e9n lanz\u00f3 su primer EP Drop By When You Drop Dead.<\/p>\n<p>Seis rolitas que la llevar\u00e1n a pisar este fin de semana el festival Tecate Emblema, su primer concierto masivo, que se realizar\u00e1 en la Curva del Aut\u00f3dromo Hermanos Rodr\u00edguez.<\/p>\n<p>\u00a1Es incre\u00edble! No lo he procesado todav\u00eda y estoy s\u00faper emocionada de que no veo la hora de pisar ese escenario. Mi hermano Olmo va a tocar conmigo, tambi\u00e9n mi primo Mateo (hijo de Carlos Cuar\u00f3n e integrante de Laila \u00cdndigo) y toda mi familia va a estar ah\u00ed. Mi mam\u00e1 va a venir de Italia con mi hermana.<\/p>\n<p>Y lo que es muy cool es que la m\u00fasica, en tres idiomas, est\u00e1 uniendo a muchas personas de diferentes partes de mi vida y eso est\u00e1 muy raro y al mismo tiempo muy cool. Esto s\u00f3lo pasa en un pa\u00eds como M\u00e9xico\u201d, coment\u00f3 Bu en entrevista.<\/p>\n<p>Seg\u00fan lo contado por Tess Bu Cuar\u00f3n, durante la presentaci\u00f3n que tendr\u00e1 este viernes en el escenario Shein del Tecate Emblema, de 18:50 a 19:30 horas, Olmo y Mateo estar\u00e1n encargados de la guitarra y el teclado, respectivamente.<br \/>\nYo tambi\u00e9n voy a tocar, pero no quiero decir demasiado. Va a ser un show m\u00e1s conceptual, con una cierta estructura. Hice los visuales con un amigo y tengo algo que se llama cinestesia, en donde asocio colores con m\u00fasica, sonidos y personas. A partir de eso, creamos un concepto y visuales que representan esos tonos con cada era y etapa de mi m\u00fasica. Y en todo esto me va acompa\u00f1ar Olmo y Mateo\u201d, adelant\u00f3 la cantante.<\/p>\n<p>La joven detr\u00e1s de temas como Psycho, Sweet Face y Paris tambi\u00e9n est\u00e1 interesada en producir para m\u00fasicos emergentes como ella.<\/p>\n<p>\u00bfC\u00f3mo ha influenciado llevar el apellido Cuar\u00f3n en su joven carrera, mismo que inmediatamente remite a una de las mentes m\u00e1s creativas y respetadas de la industria cinematogr\u00e1fica mundial y que posee cuatro premios Oscar gracias a filmes como Gravedad o Roma? Bu lo tiene bastante claro:<\/p>\n<p>Siento que, de alguna manera, lo que hago no se acerca a nada eso (cine). Me parece que muchas mujeres vienen categorizadas como si fueran una extensi\u00f3n de los hombres que est\u00e1n cerca de ellas, como cuando dicen qui\u00e9n es el pap\u00e1, qui\u00e9n es el hermano, qui\u00e9n es el novio o el marido.<\/p>\n<p>Yo me defino fuera de eso y voy como mujer independiente. \u00bfSaben? Para m\u00ed, verme como mujer y lo que hago es lo que importa, porque al final mi pap\u00e1 no me escribe las canciones, tampoco alguien m\u00e1s, soy yo quien hago mis cosas. Si hay gente que no puede ver a una mujer afuera de una extensi\u00f3n del hombre, eso es algo que yo no puedo cambiar su percepci\u00f3n y prefiero poner m\u00e1s poder en mi nombre como mujer\u201d, se sincer\u00f3 Cuar\u00f3n Bugliani.<\/p>\n<p>Ante la pregunta de c\u00f3mo ha sido para abrirse camino en la industria desde hace cinco a\u00f1os que comenz\u00f3 a hacer m\u00fasica de manera profesional, la chica que creci\u00f3 en el Reino Unido coment\u00f3 que su transitar ha sido m\u00e1s autodidacta.<\/p>\n<p>Siempre he estado aprendiendo, pues comenc\u00e9 desde los cuatro a\u00f1os y aunque en preparatoria hice unos cursos de producci\u00f3n, la verdad siento que aprend\u00ed m\u00e1s haci\u00e9ndolo sola y cag\u00e1ndola, que tomando clases. Claro que \u00e9stas me dieron una base muy t\u00e9cnica: hice siete a\u00f1os en el Conservatorio en Italia y me dieron teor\u00eda cl\u00e1sica, sumado a la parte t\u00e9cnica electr\u00f3nica de un estudio; sin embargo, siento que ahora que estoy m\u00e1s grande s\u00e9 comunicar mejor ideas, repicar los sonidos que tengo en mi cabeza a trav\u00e9s de mi computadora y me apasiona much\u00edsimo el poder crear y ser independiente\u201d, explic\u00f3.<\/p>\n<p>Tess Bu ha tenido la oportunidad de viajar a distintas latitudes del mundo, pero no hay mejor lugar que M\u00e9xico y su capital, de la cual se declara fan.<\/p>\n<p>Ante la insistencia de si efectivamente este lugar est\u00e1 en el primer lugar de su lista, la tambi\u00e9n hermana del cineasta Jon\u00e1s Cuar\u00f3n se mostr\u00f3 determinante.<\/p>\n<p>\u00a1\u00c9sta es mi ciudad favorita del mundo! \u00a1Obvio que s\u00ed! Soy una persona mucho m\u00e1s abierta y contenta ac\u00e1, porque siento que tengo mucho que descubrir y conocer. M\u00e1s all\u00e1 de mis ra\u00edces, la Ciudad de M\u00e9xico tiene un gran movimiento cultural y sociol\u00f3gico, pero especialmente art\u00edstico. La ciudad est\u00e1 viviendo un momento que no todas las capitales viven y qu\u00e9 incre\u00edble que puedo compartir mis ra\u00edces con eso\u201d, comparti\u00f3.<\/p>\n<p>El pasado viernes Tess Bu Cuar\u00f3n, quien se ha declarado fan de Taylor Swift y asisti\u00f3 junto a su padre al \u00faltimo concierto que ofreci\u00f3 en el Foro Sol como parte de The Eras Tour, lanz\u00f3 al mercado el EP Drop By When You Drop Dead, que condensa g\u00e9neros como el indie pop, el hip hop y electr\u00f3nica.<\/p>\n<p>\u00bfC\u00f3mo definir\u00edas tu primer EP? Sonri\u00f3 y fue bastante ingeniosa:<\/p>\n<p>Dir\u00eda: \u2018Las cajas son para el cereal\u2019, porque cada canci\u00f3n es diferente y, a veces, me cuesta trabajo decir qu\u00e9 g\u00e9nero es, pero hay algo que los conecta al mismo tiempo y por eso siempre las defino de esa forma\u201d, remat\u00f3 la joven que hace poco hizo el dueto del tema Mi\u00e9nteme con el cantante de country Orville Peck.<\/p>\n<p>Bu Cuar\u00f3n se presentar\u00e1 este viernes en el escenario Shein del festival Tecate Emblema de 18:50 a 19:30 horas, el mismo d\u00eda que Noah Cyrus, Paty Cant\u00fa, Matisse, Maneskin, Belanova, Sam Smith y Mashmello ser\u00e1n parte del evento que se realizar\u00e1 en la Curva del Aut\u00f3dromo Hermanos Rodr\u00edguez.<\/p>\n<p>Este a\u00f1o, el hospitality Distrito Tecate, con vista preferencial al escenario principal del Tecate Emblema, abrir\u00e1 su espacio al p\u00fablico en general para ofrecerle una experiencia inigualable, seg\u00fan confirm\u00f3 la cervecera a trav\u00e9s de un comunicado.<\/p>\n<p>Entre sus atractivos volver\u00e1 el Tecate ID, el programa de lealtad que permitir\u00e1n a los mel\u00f3manos acumular puntos a trav\u00e9s de distintas actividades para poder canjearlos por recompensas como tote bags, cangureras y bucket hats.<\/p>\n<p>Pero hay m\u00e1s, con ayuda de esta aplicaci\u00f3n, los fans que acudan a la Chela Lab podr\u00e1n acceder a diferentes y exclusivos toppings que le dar\u00e1 un sabor m\u00e1s cool a las micheladas, que son la debilidad de cualquier asistente a un festival de m\u00e1s de 10 horas de m\u00fasica.<\/p>\n<p>En De la f\u00e1brica al festival, los fans podr\u00e1n comprar vasos de edici\u00f3n especial que cambian de color con la cerveza de barril, mientras que Bar Tecate tendr\u00e1 portalatas personalizados para los poseedores de su ID.<\/p>\n<p>Buscamos redefinir las experiencias. Todas nuestras activaciones, est\u00e1n pensadas en superar las expectativas convencionales y ofrecerle al consumidor una experiencia inigualable, haciendo de su fin de semana, el m\u00e1s emblem\u00e1tico\u201d, se\u00f1al\u00f3 a trav\u00e9s del comunicado Mar\u00eda Jos\u00e9 Carbia, gerente de marca.<\/p>\n<p>Si asistieron a la pasada edici\u00f3n del EDC M\u00e9xico sabr\u00e1n la experiencia que les espera.<\/p>\n<p>&nbsp;<\/p>\n","protected":false},"excerpt":{"rendered":"<p>Bu Cuar\u00f3n creci\u00f3 en una familia dedicada, interesada e inspirada en el arte. Estar rodeada&#8230;<\/p>\n","protected":false},"author":1,"featured_media":23005,"comment_status":"open","ping_status":"closed","sticky":false,"template":"","format":"standard","meta":{"footnotes":""},"categories":[3],"tags":[],"class_list":["post-23003","post","type-post","status-publish","format-standard","has-post-thumbnail","hentry","category-espectaculos"],"_links":{"self":[{"href":"https:\/\/newsqr.com.mx\/index.php?rest_route=\/wp\/v2\/posts\/23003","targetHints":{"allow":["GET"]}}],"collection":[{"href":"https:\/\/newsqr.com.mx\/index.php?rest_route=\/wp\/v2\/posts"}],"about":[{"href":"https:\/\/newsqr.com.mx\/index.php?rest_route=\/wp\/v2\/types\/post"}],"author":[{"embeddable":true,"href":"https:\/\/newsqr.com.mx\/index.php?rest_route=\/wp\/v2\/users\/1"}],"replies":[{"embeddable":true,"href":"https:\/\/newsqr.com.mx\/index.php?rest_route=%2Fwp%2Fv2%2Fcomments&post=23003"}],"version-history":[{"count":1,"href":"https:\/\/newsqr.com.mx\/index.php?rest_route=\/wp\/v2\/posts\/23003\/revisions"}],"predecessor-version":[{"id":23004,"href":"https:\/\/newsqr.com.mx\/index.php?rest_route=\/wp\/v2\/posts\/23003\/revisions\/23004"}],"wp:featuredmedia":[{"embeddable":true,"href":"https:\/\/newsqr.com.mx\/index.php?rest_route=\/wp\/v2\/media\/23005"}],"wp:attachment":[{"href":"https:\/\/newsqr.com.mx\/index.php?rest_route=%2Fwp%2Fv2%2Fmedia&parent=23003"}],"wp:term":[{"taxonomy":"category","embeddable":true,"href":"https:\/\/newsqr.com.mx\/index.php?rest_route=%2Fwp%2Fv2%2Fcategories&post=23003"},{"taxonomy":"post_tag","embeddable":true,"href":"https:\/\/newsqr.com.mx\/index.php?rest_route=%2Fwp%2Fv2%2Ftags&post=23003"}],"curies":[{"name":"wp","href":"https:\/\/api.w.org\/{rel}","templated":true}]}}