{"id":23015,"date":"2024-05-15T17:37:14","date_gmt":"2024-05-15T22:37:14","guid":{"rendered":"https:\/\/newsqr.com.mx\/?p=23015"},"modified":"2024-05-15T22:37:15","modified_gmt":"2024-05-15T22:37:15","slug":"floyd-mayweather-jr-dara-clase-masiva-de-boxeo-en-el-zocalo-de-la-ciudad-de-mexico","status":"publish","type":"post","link":"https:\/\/newsqr.com.mx\/?p=23015","title":{"rendered":"Floyd Mayweather Jr. dar\u00e1 clase masiva de boxeo en el Z\u00f3calo de la Ciudad de M\u00e9xico"},"content":{"rendered":"<p>Floyd Mayweather Jr. llegar\u00e1 a la Ciudad de M\u00e9xico con una clase masiva de boxeo en el Z\u00f3calo de CMDX. Este evento forma parte de las actividades previas a su pr\u00f3xima pelea de exhibici\u00f3n en la capital mexicana. La clase se llevar\u00e1 a cabo el jueves 16 de agosto a las 11 de la ma\u00f1ana.<\/p>\n<p>El gobierno de la Ciudad de M\u00e9xico, a trav\u00e9s de las cuentas oficiales del programa Pilares, confirm\u00f3 la noticia. Este programa se enfoca en actividades educativas, deportivas y culturales. En su comunicado, indicaron: \u00bbFloyd Mayweather Jr confirma Clase Masiva de Box en el Z\u00f3calo Peatonal de la CDMX y la comunidad PILARES estar\u00e1 presente. El deporte no volver\u00e1 a ser lo mismo despu\u00e9s del pr\u00f3ximo jueves \u00a1La entrada es libre!\u00bb.<\/p>\n<p>Ser\u00e1 la primera vez que Mayweather Jr. impartir\u00e1 una clase de boxeo de manera solitaria ante un p\u00fablico numeroso en la Ciudad de M\u00e9xico. Sin embargo, no es nuevo en este tipo de eventos, ya que el a\u00f1o pasado particip\u00f3 brevemente en una clase masiva para felicitar a Claudia Sheinbaum por la organizaci\u00f3n del evento. Hasta ahora, se han realizado dos clases masivas en el z\u00f3calo capitalino. La primera, en 2022, cont\u00f3 con la participaci\u00f3n de m\u00e1s de 14 mil personas. La segunda, en 2023, logr\u00f3 reunir a m\u00e1s de 30 mil asistentes, estableciendo un R\u00e9cord Guinness.<\/p>\n<p>El evento contar\u00e1 con la presencia de diferentes personalidades del mundo del boxeo, como Andy Ruiz, Julio C\u00e9sar Ch\u00e1vez, Evander Holyfield y Sylvester Stallone. Mayweather Jr. tambi\u00e9n ofrecer\u00e1 una rueda de prensa para anunciar su pelea de exhibici\u00f3n del pr\u00f3ximo 24 de agosto. Su oponente ser\u00e1 V\u00edctor \u2018Vicious\u2019 Ortiz, en una revancha de la pelea que tuvieron en 2010.<\/p>\n<p>La \u00faltima pelea profesional de Mayweather Jr. fue en 2017, cuando venci\u00f3 a Conor McGregor. Desde entonces, ha mantenido su legado intacto en el boxeo y planea retomarlo con este nuevo combate en la Ciudad de M\u00e9xico.<\/p>\n","protected":false},"excerpt":{"rendered":"<p>Floyd Mayweather Jr. llegar\u00e1 a la Ciudad de M\u00e9xico con una clase masiva de boxeo&#8230;<\/p>\n","protected":false},"author":1,"featured_media":23017,"comment_status":"open","ping_status":"closed","sticky":false,"template":"","format":"standard","meta":{"footnotes":""},"categories":[5],"tags":[],"class_list":["post-23015","post","type-post","status-publish","format-standard","has-post-thumbnail","hentry","category-deportes"],"_links":{"self":[{"href":"https:\/\/newsqr.com.mx\/index.php?rest_route=\/wp\/v2\/posts\/23015","targetHints":{"allow":["GET"]}}],"collection":[{"href":"https:\/\/newsqr.com.mx\/index.php?rest_route=\/wp\/v2\/posts"}],"about":[{"href":"https:\/\/newsqr.com.mx\/index.php?rest_route=\/wp\/v2\/types\/post"}],"author":[{"embeddable":true,"href":"https:\/\/newsqr.com.mx\/index.php?rest_route=\/wp\/v2\/users\/1"}],"replies":[{"embeddable":true,"href":"https:\/\/newsqr.com.mx\/index.php?rest_route=%2Fwp%2Fv2%2Fcomments&post=23015"}],"version-history":[{"count":1,"href":"https:\/\/newsqr.com.mx\/index.php?rest_route=\/wp\/v2\/posts\/23015\/revisions"}],"predecessor-version":[{"id":23016,"href":"https:\/\/newsqr.com.mx\/index.php?rest_route=\/wp\/v2\/posts\/23015\/revisions\/23016"}],"wp:featuredmedia":[{"embeddable":true,"href":"https:\/\/newsqr.com.mx\/index.php?rest_route=\/wp\/v2\/media\/23017"}],"wp:attachment":[{"href":"https:\/\/newsqr.com.mx\/index.php?rest_route=%2Fwp%2Fv2%2Fmedia&parent=23015"}],"wp:term":[{"taxonomy":"category","embeddable":true,"href":"https:\/\/newsqr.com.mx\/index.php?rest_route=%2Fwp%2Fv2%2Fcategories&post=23015"},{"taxonomy":"post_tag","embeddable":true,"href":"https:\/\/newsqr.com.mx\/index.php?rest_route=%2Fwp%2Fv2%2Ftags&post=23015"}],"curies":[{"name":"wp","href":"https:\/\/api.w.org\/{rel}","templated":true}]}}