{"id":23030,"date":"2024-05-16T10:49:35","date_gmt":"2024-05-16T15:49:35","guid":{"rendered":"https:\/\/newsqr.com.mx\/?p=23030"},"modified":"2024-05-16T15:49:36","modified_gmt":"2024-05-16T15:49:36","slug":"dura-baja-ederson-se-perdera-el-resto-de-la-temporada-con-manchester-city","status":"publish","type":"post","link":"https:\/\/newsqr.com.mx\/?p=23030","title":{"rendered":"\u00a1Dura baja! Ederson se perder\u00e1 el resto de la temporada con Manchester City"},"content":{"rendered":"<p>Manchester City enfrenta un serio contratiempo con la confirmaci\u00f3n de la lesi\u00f3n de Ederson. El portero brasile\u00f1o no disputar\u00e1 los dos partidos restantes de la temporada. La noticia se confirm\u00f3 este jueves, tras el golpe sufrido durante el duelo contra el Tottenham el pasado martes.<\/p>\n<p>Durante el partido contra los Spurs, Ederson fue sustituido despu\u00e9s de un fuerte choque con Cristian Romero. Los \u00faltimos informes indican que sufre una fractura en la cuenca de un ojo. Esta lesi\u00f3n le impedir\u00e1 estar disponible para el decisivo encuentro de la Premier League contra el West Ham y la Final de FA Cup contra Manchester United.<\/p>\n<p>La sustituci\u00f3n de Ederson en el partido del martes provoc\u00f3 un altercado entre el portero y Pep Guardiola. Ederson mostr\u00f3 su descontento con el estratega espa\u00f1ol al ser retirado del campo.<\/p>\n<p>Con el brasile\u00f1o descartado, la responsabilidad de defender la porter\u00eda del Manchester City recaer\u00e1 en Stefan Ortega. El guardameta alem\u00e1n, de ascendencia espa\u00f1ola, ha tenido participaciones cruciales en la temporada, incluyendo partidos de Champions League y el reciente duelo ante Tottenham.<\/p>\n<p>En el partido contra los Spurs, Ortega tuvo un desempe\u00f1o destacado al detener un mano a mano contra Heung-Min Son. Esta acci\u00f3n fue fundamental para que el Manchester City asegurara la victoria y mantuviera sus aspiraciones en la Premier League.<\/p>\n<p>El partido del pr\u00f3ximo domingo contra el West Ham ser\u00e1 crucial para el Manchester City, ya que se jugar\u00e1n el t\u00edtulo de la Premier League. La ausencia de Ederson a\u00f1ade presi\u00f3n al equipo, que deber\u00e1 confiar en Ortega para mantener su porter\u00eda segura.<\/p>\n<p>Asimismo, el s\u00e1bado 25 de mayo, los Citizens se enfrentar\u00e1n al Manchester United en la Final de la FA Cup. De igual forma, la lesi\u00f3n de Ederson tambi\u00e9n genera incertidumbre respecto a su participaci\u00f3n en la Copa Am\u00e9rica con la selecci\u00f3n de Brasil. Todav\u00eda no se ha definido si podr\u00e1 recuperarse a tiempo para el torneo continental.<\/p>\n","protected":false},"excerpt":{"rendered":"<p>Manchester City enfrenta un serio contratiempo con la confirmaci\u00f3n de la lesi\u00f3n de Ederson. El&#8230;<\/p>\n","protected":false},"author":1,"featured_media":23032,"comment_status":"open","ping_status":"closed","sticky":false,"template":"","format":"standard","meta":{"footnotes":""},"categories":[5],"tags":[],"class_list":["post-23030","post","type-post","status-publish","format-standard","has-post-thumbnail","hentry","category-deportes"],"_links":{"self":[{"href":"https:\/\/newsqr.com.mx\/index.php?rest_route=\/wp\/v2\/posts\/23030","targetHints":{"allow":["GET"]}}],"collection":[{"href":"https:\/\/newsqr.com.mx\/index.php?rest_route=\/wp\/v2\/posts"}],"about":[{"href":"https:\/\/newsqr.com.mx\/index.php?rest_route=\/wp\/v2\/types\/post"}],"author":[{"embeddable":true,"href":"https:\/\/newsqr.com.mx\/index.php?rest_route=\/wp\/v2\/users\/1"}],"replies":[{"embeddable":true,"href":"https:\/\/newsqr.com.mx\/index.php?rest_route=%2Fwp%2Fv2%2Fcomments&post=23030"}],"version-history":[{"count":1,"href":"https:\/\/newsqr.com.mx\/index.php?rest_route=\/wp\/v2\/posts\/23030\/revisions"}],"predecessor-version":[{"id":23031,"href":"https:\/\/newsqr.com.mx\/index.php?rest_route=\/wp\/v2\/posts\/23030\/revisions\/23031"}],"wp:featuredmedia":[{"embeddable":true,"href":"https:\/\/newsqr.com.mx\/index.php?rest_route=\/wp\/v2\/media\/23032"}],"wp:attachment":[{"href":"https:\/\/newsqr.com.mx\/index.php?rest_route=%2Fwp%2Fv2%2Fmedia&parent=23030"}],"wp:term":[{"taxonomy":"category","embeddable":true,"href":"https:\/\/newsqr.com.mx\/index.php?rest_route=%2Fwp%2Fv2%2Fcategories&post=23030"},{"taxonomy":"post_tag","embeddable":true,"href":"https:\/\/newsqr.com.mx\/index.php?rest_route=%2Fwp%2Fv2%2Ftags&post=23030"}],"curies":[{"name":"wp","href":"https:\/\/api.w.org\/{rel}","templated":true}]}}