{"id":23039,"date":"2024-05-16T10:59:06","date_gmt":"2024-05-16T15:59:06","guid":{"rendered":"https:\/\/newsqr.com.mx\/?p=23039"},"modified":"2024-05-16T15:59:08","modified_gmt":"2024-05-16T15:59:08","slug":"primer-ministro-eslovaco-esta-consciente-y-puede-comunicarse","status":"publish","type":"post","link":"https:\/\/newsqr.com.mx\/?p=23039","title":{"rendered":"Primer ministro eslovaco est\u00e1 consciente y puede comunicarse"},"content":{"rendered":"<p>El primer ministro eslovaco, Robert Fico, est\u00e1 consciente y puede comunicarse verbalmente, seg\u00fan asegur\u00f3 el presidente electo del pa\u00eds, Peter Pellegrini, quien pudo hablar con \u00e9l en el hospital donde qued\u00f3 ingresado tras sufrir un intento de asesinato.<\/p>\n<p>Pellegrini declar\u00f3 que pudo charlar solo unos minutos con Fico, ya que el primer ministro se encuentra muy cansado y bajo el efecto de los medicamentos, informan los medios locales.<\/p>\n<p>Primer ministro eslovaco est\u00e1 consciente y puede comunicarse &#8211; area-acordonada-en-eslovaquia-por-ataque-contra-el-primer-ministro-1024&#215;683<br \/>\n\u00c1rea acordonada en Eslovaquia por ataque contra el primer ministro. Foto de EFE\/EPA\/JAKUB GAVLAK<br \/>\nEl nuevo jefe del Estado, que asumir\u00e1 el cargo el pr\u00f3ximo mes, dijo que a\u00fan no se puede asegurar que Fico, del que ha sido durante a\u00f1os un estrecho colaborador, est\u00e9 fuera de peligro, y se\u00f1al\u00f3 que los pr\u00f3ximos d\u00edas y horas ser\u00e1n decisivos.<\/p>\n<p>\u201cEl jefe de Gobierno escap\u00f3 a la muerte por poco, porque si las balas hubieran acabado a unos cent\u00edmetros del lugar donde lo hicieron, estar\u00edamos hablando de cosas diferentes\u201d, se\u00f1al\u00f3.<\/p>\n<p>\u201cMe fue permitido hablar con \u00e9l solo unos minutos, porque su estado de salud realmente requiere tranquilidad\u201d, dijo el pol\u00edtico.<\/p>\n<p>Pellegrini dijo que habl\u00f3 con Fico sobre lo feliz que est\u00e1 de que hubiera sobrevivido al ataque con un arma de fuego y le dese\u00f3 una pronta recuperaci\u00f3n.<\/p>\n<p>Fico fue tiroteado al salir de una reuni\u00f3n del Consejo de Ministros celebrada en la ciudad de Handlov\u00e1, a manos de un hombre de 71 a\u00f1os, que en el pasado tuvo v\u00ednculos con grupos ultranacionalistas y que justific\u00f3 su ataque con que no le gustan las pol\u00edticas del Gobierno.<\/p>\n<p>El presunto agresor, que ha sido detenido, ha declarado que estaba orgulloso de su acto y que s\u00f3lo pretend\u00eda hacer da\u00f1o a Fico pero no matarlo.<\/p>\n","protected":false},"excerpt":{"rendered":"<p>El primer ministro eslovaco, Robert Fico, est\u00e1 consciente y puede comunicarse verbalmente, seg\u00fan asegur\u00f3 el&#8230;<\/p>\n","protected":false},"author":1,"featured_media":23041,"comment_status":"open","ping_status":"closed","sticky":false,"template":"","format":"standard","meta":{"footnotes":""},"categories":[6],"tags":[],"class_list":["post-23039","post","type-post","status-publish","format-standard","has-post-thumbnail","hentry","category-internacional"],"_links":{"self":[{"href":"https:\/\/newsqr.com.mx\/index.php?rest_route=\/wp\/v2\/posts\/23039","targetHints":{"allow":["GET"]}}],"collection":[{"href":"https:\/\/newsqr.com.mx\/index.php?rest_route=\/wp\/v2\/posts"}],"about":[{"href":"https:\/\/newsqr.com.mx\/index.php?rest_route=\/wp\/v2\/types\/post"}],"author":[{"embeddable":true,"href":"https:\/\/newsqr.com.mx\/index.php?rest_route=\/wp\/v2\/users\/1"}],"replies":[{"embeddable":true,"href":"https:\/\/newsqr.com.mx\/index.php?rest_route=%2Fwp%2Fv2%2Fcomments&post=23039"}],"version-history":[{"count":1,"href":"https:\/\/newsqr.com.mx\/index.php?rest_route=\/wp\/v2\/posts\/23039\/revisions"}],"predecessor-version":[{"id":23040,"href":"https:\/\/newsqr.com.mx\/index.php?rest_route=\/wp\/v2\/posts\/23039\/revisions\/23040"}],"wp:featuredmedia":[{"embeddable":true,"href":"https:\/\/newsqr.com.mx\/index.php?rest_route=\/wp\/v2\/media\/23041"}],"wp:attachment":[{"href":"https:\/\/newsqr.com.mx\/index.php?rest_route=%2Fwp%2Fv2%2Fmedia&parent=23039"}],"wp:term":[{"taxonomy":"category","embeddable":true,"href":"https:\/\/newsqr.com.mx\/index.php?rest_route=%2Fwp%2Fv2%2Fcategories&post=23039"},{"taxonomy":"post_tag","embeddable":true,"href":"https:\/\/newsqr.com.mx\/index.php?rest_route=%2Fwp%2Fv2%2Ftags&post=23039"}],"curies":[{"name":"wp","href":"https:\/\/api.w.org\/{rel}","templated":true}]}}