{"id":23175,"date":"2024-05-26T18:06:26","date_gmt":"2024-05-26T23:06:26","guid":{"rendered":"https:\/\/newsqr.com.mx\/?p=23175"},"modified":"2024-05-26T23:06:27","modified_gmt":"2024-05-26T23:06:27","slug":"hamas-exige-fin-de-guerra-y-netanyahu-se-opone-firmemente-en-negociaciones-de-tregua","status":"publish","type":"post","link":"https:\/\/newsqr.com.mx\/?p=23175","title":{"rendered":"Ham\u00e1s exige \u201cfin de guerra\u201d y Netanyahu \u201cse opone firmemente\u201d en negociaciones de tregua"},"content":{"rendered":"<p>El primer ministro de Israel, Benjam\u00edn Netanyahu, mostr\u00f3 este domingo su \u201cfirme\u201d oposici\u00f3n a las exigencias del grupo terrorista Ham\u00e1s en la pr\u00f3xima ronda de negociaciones, entre las que se encuentra el fin de la guerra en la Franja de Gaza, en un comunicado.<\/p>\n<p>El l\u00edder de Ham\u00e1s, Yahya Sinwar, \u201csigue exigiendo el fin de la guerra, la retirada de las Fuerzas de Defensa de Israel (IDF) de la Franja de Gaza y dejar a Ham\u00e1s intacto\u201d, expuso la oficina del primer ministro, seg\u00fan la cual \u201cNetanyahu se opone firmemente a ello\u201d.<\/p>\n<p>Los informes del equipo negociador, aseguran, \u201csolo endurecen la posici\u00f3n de Ham\u00e1s\u201d.<\/p>\n<p>Tambi\u00e9n este domingo, Izzat Al Risheq, miembro del bur\u00f3 pol\u00edtico de Ham\u00e1s, declar\u00f3 que la organizaci\u00f3n a\u00fan no ha recibido ninguna propuesta de los mediadores a pesar de \u201clos rumores que circulan sobre las negociaciones\u201d.<br \/>\nAl Risheq insisti\u00f3 las exigencias de la organizaci\u00f3n, que son \u201cun cese completo y permanente de la agresi\u00f3n en toda la Franja de Gaza, no s\u00f3lo en Rafah\u201d como \u201cbase y punto de partida para cualquier cosa\u201d.<\/p>\n<p>Israel confirm\u00f3 el s\u00e1bado, tras acordarlo con Estados Unidos y Catar, que retomar\u00e1n la pr\u00f3xima semana las negociaciones de tregua con Ham\u00e1s, en pausa desde el pasado 10 de mayo y sin grandes avances desde hace meses, con el objetivo de intentar cerrar un acuerdo de intercambio de rehenes por presos palestinos, mientras la Franja de Gaza permanece bajo ataque israel\u00ed.<\/p>\n","protected":false},"excerpt":{"rendered":"<p>El primer ministro de Israel, Benjam\u00edn Netanyahu, mostr\u00f3 este domingo su \u201cfirme\u201d oposici\u00f3n a las&#8230;<\/p>\n","protected":false},"author":1,"featured_media":23177,"comment_status":"open","ping_status":"closed","sticky":false,"template":"","format":"standard","meta":{"footnotes":""},"categories":[6],"tags":[],"class_list":["post-23175","post","type-post","status-publish","format-standard","has-post-thumbnail","hentry","category-internacional"],"_links":{"self":[{"href":"https:\/\/newsqr.com.mx\/index.php?rest_route=\/wp\/v2\/posts\/23175","targetHints":{"allow":["GET"]}}],"collection":[{"href":"https:\/\/newsqr.com.mx\/index.php?rest_route=\/wp\/v2\/posts"}],"about":[{"href":"https:\/\/newsqr.com.mx\/index.php?rest_route=\/wp\/v2\/types\/post"}],"author":[{"embeddable":true,"href":"https:\/\/newsqr.com.mx\/index.php?rest_route=\/wp\/v2\/users\/1"}],"replies":[{"embeddable":true,"href":"https:\/\/newsqr.com.mx\/index.php?rest_route=%2Fwp%2Fv2%2Fcomments&post=23175"}],"version-history":[{"count":1,"href":"https:\/\/newsqr.com.mx\/index.php?rest_route=\/wp\/v2\/posts\/23175\/revisions"}],"predecessor-version":[{"id":23176,"href":"https:\/\/newsqr.com.mx\/index.php?rest_route=\/wp\/v2\/posts\/23175\/revisions\/23176"}],"wp:featuredmedia":[{"embeddable":true,"href":"https:\/\/newsqr.com.mx\/index.php?rest_route=\/wp\/v2\/media\/23177"}],"wp:attachment":[{"href":"https:\/\/newsqr.com.mx\/index.php?rest_route=%2Fwp%2Fv2%2Fmedia&parent=23175"}],"wp:term":[{"taxonomy":"category","embeddable":true,"href":"https:\/\/newsqr.com.mx\/index.php?rest_route=%2Fwp%2Fv2%2Fcategories&post=23175"},{"taxonomy":"post_tag","embeddable":true,"href":"https:\/\/newsqr.com.mx\/index.php?rest_route=%2Fwp%2Fv2%2Ftags&post=23175"}],"curies":[{"name":"wp","href":"https:\/\/api.w.org\/{rel}","templated":true}]}}