{"id":23196,"date":"2024-05-28T08:53:14","date_gmt":"2024-05-28T13:53:14","guid":{"rendered":"https:\/\/newsqr.com.mx\/?p=23196"},"modified":"2024-05-28T13:53:15","modified_gmt":"2024-05-28T13:53:15","slug":"karla-sofia-gascon-vale-oro-para-la-lucha-trans","status":"publish","type":"post","link":"https:\/\/newsqr.com.mx\/?p=23196","title":{"rendered":"Karla Sof\u00eda Gasc\u00f3n vale oro para la lucha trans"},"content":{"rendered":"<p>El fin de semana pasado, la actriz espa\u00f1ola Karla Sof\u00eda Gasc\u00f3n obtuvo el premio como Mejor actriz junto a la mexicana Adriana Paz y las estadunidenses Zoe Salda\u00f1a y Selena Gomez por su trabajo en Emilia Perez.<\/p>\n<p>Y est\u00e1 viviendo \u201cuna aut\u00e9ntica locura\u201d que no para, pues sigue recibiendo mensajes de felicitaci\u00f3n por lo logrado en el Festival de cine de Cannes.<\/p>\n<p>Con este logro, la actriz, que cuenta con residencia mexicana, se convirti\u00f3 en la primera int\u00e9rprete trans que recibe dicha distinci\u00f3n en los 77 a\u00f1os de historia del certamen franc\u00e9s.<\/p>\n<p>\u201cNunca me han gustado las etiquetas ni los adjetivos para definir a nadie, pues es como decir \u2018ah, se lo han dado a una mujer gorda\u2019 o \u2018se lo ha ganado una mujer negra\u2019. No veo a la prensa decir ese tipo de cosas, me parece feo y terrible. Lo mismo me pasa cuando se habla de una mujer trans, porque es como demeritar o restar la palabra \u2018mujer\u2019 y mucha prensa lo utiliza para generar morbo o para que la gente entre a leer un titular atractivo.<\/p>\n<p>\u201cSin embargo, y ah\u00ed es a donde voy, cuando utilizan el adjetivo para ensalzar los logros de una minor\u00eda que est\u00e1 desprestigiada o constantemente en degradaci\u00f3n y violentada, creo que es muy importante usarlo. Entonces yo me tengo que tragar mis palabras de que no me gusta hablar de una persona trans, cuando eso sirve para que otras como yo tengan un referente, una lucha y que sepan que estamos en todas las profesiones\u201d, cont\u00f3 en entrevista con Exc\u00e9lsior Karla Sof\u00eda Gasc\u00f3n.<\/p>\n<p>La actriz que caus\u00f3 revuelo en Cannes debido a su actuaci\u00f3n en Emilia Perez se dijo feliz por tomar el estrado de uno de los cert\u00e1menes de cine m\u00e1s importantes del mundo y compartir un discurso en el que pidi\u00f3 ser m\u00e1s emp\u00e1ticos y respetuosos con la comunidad trans.<\/p>\n<p>\u201cYo s\u00e9 que tengo que aportar muchas cosas y que ese momento ha sido uno de los m\u00e1s importantes para la historia en muchos aspectos. Al cabo del tiempo, estas cosas se ven de otra manera. A m\u00ed, a lo mejor dentro de 50, 60 o 100 a\u00f1os, cuando yo no est\u00e9, me echar\u00e1n la vista atr\u00e1s en la historia y dir\u00e1n: \u2018\u00a1Joder! Qu\u00e9 importante fue ese momento, porque fue la primera persona que dijo esto en el Festival de Cannes, que son todos estirados con smoking y nadie se hab\u00eda atrevido a decirlo hasta ella\u2019\u201d, relat\u00f3 Karla Sof\u00eda.<\/p>\n<p>Ella, la pr\u00f3xima semana, se reunir\u00e1 con Pedro Almod\u00f3var, realizador que la mand\u00f3 felicitar a trav\u00e9s de la actriz Rossy de Palma en Cannes.<\/p>\n<p>Reci\u00e9n aterrizada en Espa\u00f1a, donde actualmente reside, Gasc\u00f3n comparti\u00f3 que antes de llegar a su casa, en Madrid, pas\u00f3 a ver a sus padres, originarios de Andaluc\u00eda, para contarles todo lo que vivi\u00f3 en<br \/>\nCannes, a qui\u00e9nes conoci\u00f3 y qu\u00e9 an\u00e9cdotas protagoniz\u00f3, as\u00ed como para mostrarles el premio que gan\u00f3 gracias al trabajo que hizo en la cinta dirigida por Jacques Audiard, y que es una coproducci\u00f3n entre M\u00e9xico y Francia.<\/p>\n<p>\u201cMe ha ca\u00eddo el veinte esta ma\u00f1ana que he ido a ver a mis padres. Mi madre me ha preguntado que qu\u00e9 tal todo, estaba as\u00ed pensando y le digo: \u2018Pues he estado con George Lucas (creador de Star Wars), Julianne Moore, Francis Ford Coppola y Catherine Deneuve\u2019. Hasta ahora estoy pensando en que yo no era consciente en aquel momento de lo que me estaba pasando.<\/p>\n<p>\u201cRecuerdo que le dije a George Lucas, que me toc\u00f3 al lado de donde est\u00e1bamos y me felicit\u00f3: \u2018Oye, George, \u00bfsabes que mi pel\u00edcula favorita, la primera que vi en el cine y con la que m\u00e1s me he emocionado toda la vida es El retorno del Jedi?\u2019. El hombre me mir\u00f3 con mucha gracia y me dijo: \u2018\u00a1Esto no lo he escuchado nunca!\u2019. Imag\u00ednate, el hombre, pobre de \u00e9l, todo el d\u00eda escuchando la misma cantaleta de todo mundo que le dice lo mismo. Ahora me est\u00e1 cayendo el veinte de todo lo que viv\u00ed estando all\u00e1\u201d, relat\u00f3 entre risas, v\u00eda telef\u00f3nica, Sof\u00eda Gasc\u00f3n.<\/p>\n<p>Despu\u00e9s de su momento warsie, retom\u00f3 la reacci\u00f3n de sus papis:<\/p>\n<p>\u201cMi madre se ha pegado una lloradera esta ma\u00f1ana cuando he ido y mi padre igual. Adem\u00e1s, mi madre est\u00e1 ya un poquito malita y hoy en la ma\u00f1ana me dec\u00eda que a lo mejor no pod\u00eda ver la pel\u00edcula cuando se estrenara\u201d, comparti\u00f3 con la voz entrecortada la actriz.<\/p>\n<p>\u201cPero fue muy bonito, son cosas que me emocionan mucho, porque no solamente es la parte que tocas de lo social, sino que tambi\u00e9n est\u00e1 tu familia a la que has visto sufrir mucho, y es muy bonito darles una alegr\u00eda as\u00ed\u201d, agreg\u00f3.<\/p>\n<p>Gracias a su paso por Cannes se reunir\u00e1 estos d\u00edas con Rachida Dati, la Ministra de Cultura de Francia.<\/p>\n<p>Tras haber iniciado su carrera en Espa\u00f1a en 1995 e involucrarse en distintos proyectos con el nombre de Carlos Gasc\u00f3n, viaj\u00f3 a nuestro pa\u00eds para hacerse de un nombre de este lado del Atl\u00e1ntico, donde su gran momento se dio en la producci\u00f3n Nosotros los Nobles (2013), que se convirti\u00f3 en un fen\u00f3meno de taquilla y en la que interpret\u00f3 Peter Pintado, un poblano que se hac\u00eda pasar por espa\u00f1ol y que ten\u00eda una relaci\u00f3n muy cercana con B\u00e1rbara Noble (Karla Souza).<\/p>\n<p>Luego del filme de Gaz Alazraki, trabaj\u00f3 cuatro a\u00f1os m\u00e1s con el nombre de Carlos Gasc\u00f3n para producciones como El se\u00f1or de los cielos, Hasta el fin del mundo, Drunk History: El lado borroso de la historia y 40 y 20, hasta que decidi\u00f3 dar el paso para convertirse en quien realmente deseaba: la mujer que siempre sinti\u00f3 ser desde los cuatro a\u00f1os.<\/p>\n<p>\u201cEn ese momento sent\u00ed que ya hab\u00eda hecho todas las cosas que quer\u00eda hacer en mi vida y vi que hab\u00eda una oportunidad de hacerlo, porque me di cuenta de que exist\u00eda una Unidad de Identidad del G\u00e9nero en Espa\u00f1a que pod\u00eda ayudarme en ese aspecto, pues antes no se pod\u00eda hacer, ya que la ciencia no hab\u00eda avanzado tanto. Entonces, dije \u2018pues tengo que tomar una decisi\u00f3n: O hago esto o ya no lo hago nunca\u2019, porque para qu\u00e9 lo voy a realizar cuando tenga 90 a\u00f1os.<\/p>\n<p>\u201cA m\u00ed me hubiera gustado hacerlo m\u00e1s joven para poder vivir m\u00e1s plenamente, como lo estoy haciendo ahora. Me queda muy poco tiempo para disfrutar de una mediana edad y fue cuando tom\u00e9 la decisi\u00f3n de llevar a cabo el proceso\u201d, cont\u00f3 Gasc\u00f3n.<\/p>\n<p>Siguiendo el discurso del apoyo y visibilidad que busca hacer de la comunidad trans, a la cual ella en cierta forma pertenece, Karla Sof\u00eda sabe que siempre va a ser una persona activa en favor de los derechos de todos desde la posici\u00f3n de una mujer.<\/p>\n<p>\u201cHay que ir aportando granitos de arena cada vez m\u00e1s profundos; sin embargo, yo lo dije en una rueda de prensa, yo no me considero una mujer trans, yo me considero una mujer y punto, porque para m\u00ed una mujer trans es una mujer que est\u00e1 haciendo una transici\u00f3n, yo he hecho ya esa transici\u00f3n y mi partida (acta) de nacimiento indica lo que soy (mujer). He hecho una transformaci\u00f3n de muchas maneras, que a nadie le interesan, para llegar a lo que soy\u201d, relat\u00f3.<\/p>\n<p>La actriz de 52 a\u00f1os asegur\u00f3 que no ha sido f\u00e1cil el proceso y que lleg\u00f3 a sufrir mucho debido a los prejuicios, las burlas y la violencia con que muchas personas se refieren a los transexuales, aunado a todo el proceso legal de cambio de documentos oficiales, aunque tiene un mensaje para todos aquellos que se encuentran en medio de una transici\u00f3n.<\/p>\n<p>\u201cMi consejo es que no se deje caer nadie. Que en la vida hay que aprender del sufrimiento tambi\u00e9n, pues para m\u00ed es la fuente de inspiraci\u00f3n del ser humano. Las mayores obras de la humanidad en teatro, cine, literatura y pintura, en donde quiera que mires, todas parten del sufrimiento del ser humano\u201d, comparti\u00f3.<\/p>\n<p>Finalmente, tras una hora de entrevista, en la que habl\u00f3 de su amor por M\u00e9xico, pa\u00eds en el que ha estado por 15 a\u00f1os, y de c\u00f3mo lo que vive ahora con Emilia Perez es como el fen\u00f3meno que vivi\u00f3 con Nosotros los Nobles pero a nivel mundial, se le pregunt\u00f3 a la actriz si hay alguien, adem\u00e1s de su familia, a quien le dedique este premio.<\/p>\n<p>\u201cYa que est\u00e1s ah\u00ed en M\u00e9xico, se lo dedico a quien nunca se lo deber\u00eda de haber dedicado, pero me ha hecho llegar hasta aqu\u00ed, porque a veces las personas que te hacen mal son las que te dan m\u00e1s fuerza para llegar m\u00e1s lejos\u201d, remat\u00f3 Karla Gasc\u00f3n.<\/p>\n<p>Emilia Perez todav\u00eda no tiene fecha de estreno en el pa\u00eds, pero se rumora que en agosto podr\u00eda tener su corrida comercial.<\/p>\n","protected":false},"excerpt":{"rendered":"<p>El fin de semana pasado, la actriz espa\u00f1ola Karla Sof\u00eda Gasc\u00f3n obtuvo el premio como&#8230;<\/p>\n","protected":false},"author":1,"featured_media":23198,"comment_status":"open","ping_status":"closed","sticky":false,"template":"","format":"standard","meta":{"footnotes":""},"categories":[3],"tags":[],"class_list":["post-23196","post","type-post","status-publish","format-standard","has-post-thumbnail","hentry","category-espectaculos"],"_links":{"self":[{"href":"https:\/\/newsqr.com.mx\/index.php?rest_route=\/wp\/v2\/posts\/23196","targetHints":{"allow":["GET"]}}],"collection":[{"href":"https:\/\/newsqr.com.mx\/index.php?rest_route=\/wp\/v2\/posts"}],"about":[{"href":"https:\/\/newsqr.com.mx\/index.php?rest_route=\/wp\/v2\/types\/post"}],"author":[{"embeddable":true,"href":"https:\/\/newsqr.com.mx\/index.php?rest_route=\/wp\/v2\/users\/1"}],"replies":[{"embeddable":true,"href":"https:\/\/newsqr.com.mx\/index.php?rest_route=%2Fwp%2Fv2%2Fcomments&post=23196"}],"version-history":[{"count":1,"href":"https:\/\/newsqr.com.mx\/index.php?rest_route=\/wp\/v2\/posts\/23196\/revisions"}],"predecessor-version":[{"id":23197,"href":"https:\/\/newsqr.com.mx\/index.php?rest_route=\/wp\/v2\/posts\/23196\/revisions\/23197"}],"wp:featuredmedia":[{"embeddable":true,"href":"https:\/\/newsqr.com.mx\/index.php?rest_route=\/wp\/v2\/media\/23198"}],"wp:attachment":[{"href":"https:\/\/newsqr.com.mx\/index.php?rest_route=%2Fwp%2Fv2%2Fmedia&parent=23196"}],"wp:term":[{"taxonomy":"category","embeddable":true,"href":"https:\/\/newsqr.com.mx\/index.php?rest_route=%2Fwp%2Fv2%2Fcategories&post=23196"},{"taxonomy":"post_tag","embeddable":true,"href":"https:\/\/newsqr.com.mx\/index.php?rest_route=%2Fwp%2Fv2%2Ftags&post=23196"}],"curies":[{"name":"wp","href":"https:\/\/api.w.org\/{rel}","templated":true}]}}