{"id":23202,"date":"2024-05-28T08:59:23","date_gmt":"2024-05-28T13:59:23","guid":{"rendered":"https:\/\/newsqr.com.mx\/?p=23202"},"modified":"2024-05-28T13:59:24","modified_gmt":"2024-05-28T13:59:24","slug":"espana-irlanda-y-noruega-formalizan-reconocimiento-de-palestina-entre-criticas-y-elogios","status":"publish","type":"post","link":"https:\/\/newsqr.com.mx\/?p=23202","title":{"rendered":"Espa\u00f1a, Irlanda y Noruega formalizan reconocimiento de Palestina entre criticas y elogios"},"content":{"rendered":"<p>Los gobiernos de Espa\u00f1a, Irlanda y Noruega hicieron este martes oficial el reconocimiento de Palestina como Estado, una decisi\u00f3n diplom\u00e1tica conjunta que Israel consider\u00f3 equivalente a complicidad en incitar al genocidio jud\u00edo y las autoridades palestinas elogiaron.<\/p>\n<p>El ministro de Exteriores israel\u00ed, Israel Katz, acus\u00f3 este martes al presidente del Gobierno espa\u00f1ol, Pedro S\u00e1nchez, de ser \u201cc\u00f3mplice de incitar al asesinato del pueblo jud\u00edo y de cr\u00edmenes de guerra\u201d en un mensaje en la red social X, poco despu\u00e9s de que se formalizara el reconocimiento anunciado la semana pasada por los tres gobiernos europeos.<\/p>\n<p>Por el contrario, para el presidente palestino, Mahmud Ab\u00e1s, la decisi\u00f3n de Espa\u00f1a, Irlanda y Noruega es \u201cvaliente\u201d y muestra un \u201cconsenso internacional\u201d para poner fin a la guerra ente Israel y Ham\u00e1s en Gaza, que ha causado ya m\u00e1s de 35.000 muertos e importantes da\u00f1os en la infraestructura de ese territorio palestino.<\/p>\n<p>La Presidencia palestina da la bienvenida a las valientes y audaces posiciones pol\u00edticas europeas, especialmente las adoptadas por Espa\u00f1a, Irlanda y Noruega que reconocieron al Estado de Palestina\u201d, dijo hoy Ab\u00e1s en un comunicado oficial.<\/p>\n<p>Ab\u00e1s agradeci\u00f3 tambi\u00e9n que el alto representante de la Uni\u00f3n Europea, Josep Borrell, dijera este domingo que la soluci\u00f3n de los dos Estados \u201cno es una concesi\u00f3n dolorosa\u201d ni una amenaza a la seguridad de Israel, sino \u201cla \u00fanica garant\u00eda a largo plazo\u201d para su seguridad y prosperidad.<\/p>\n<p>Poco antes del mensaje de Katz en X, el socialista S\u00e1nchez, en una declaraci\u00f3n institucional, asegur\u00f3 que la decisi\u00f3n de reconocer el Estado de Palestina \u201cno va contra nadie\u201d y \u201cmenos contra Israel\u201d, un pa\u00eds amigo de Espa\u00f1a con el que pretende mantener las mejores relaciones, pero s\u00ed es un \u201crechazo rotundo\u201d al movimiento islamista Ham\u00e1s, que controla Gaza y no reconoce la teor\u00eda de los dos estados.<\/p>\n<p>Esa es \u201cla \u00fanica soluci\u00f3n posible\u201d, recalc\u00f3 el jefe de Gobierno de Espa\u00f1a, quien consider\u00f3 \u201chist\u00f3rica\u201d la decisi\u00f3n adoptada tambi\u00e9n por Irlanda y Noruega con el objetivo de \u201ccontribuir a la paz\u201d en Oriente Medio y subray\u00f3 que es un acto de \u201cjusticia\u201d atender las aspiraciones del pueblo palestino.<\/p>\n<p>El Gobierno noruego calific\u00f3 hoy de \u201cmemorable\u201d la entrada en vigor del reconocimiento de Palestina como un Estado independiente y soberano e hizo votos para que las autoridades palestinas contin\u00faen con el \u201ccomplicado\u201d trabajo de hacer reformas y poner el fundamento para gobernar \u201ctanto Cisjordania como Gaza despu\u00e9s de un alto el fuego\u201d.<\/p>\n<p>El ministro de Exteriores noruego, Espen Barth Eide, se\u00f1al\u00f3 en un comunicado que es \u201clamentable que el Gobierno israel\u00ed no muestre signos de comprometerse de forma constructiva. La comunidad internacional debe aumentar el apoyo econ\u00f3mico y pol\u00edtico a Palestina y seguir trabajando por una soluci\u00f3n con dos Estados\u201d.<\/p>\n<p>En Dubl\u00edn, el primer ministro irland\u00e9s, Simon Harris, asegur\u00f3 este martes que la Uni\u00f3n Europea (UE) puede hacer \u201cmucho m\u00e1s\u201d para lograr un alto el fuego en Gaza, poco antes de que el Consejo de Ministros de su pa\u00eds formalizase el reconocimiento de Palestina.<\/p>\n<p>Un n\u00famero de pa\u00edses han dicho que est\u00e1n valorando hacerlo (el reconocimiento) tambi\u00e9n y les animo a ello porque debemos generar ahora un impulso que desemboque en la paz y el fin de la violencia\u201d, declar\u00f3 el jefe del Ejecutivo de Dubl\u00edn, de coalici\u00f3n entre conservadores, centristas y verdes.<\/p>\n<p>Como siguiente paso al reconocimiento del Estado palestino por parte de Espa\u00f1a este mi\u00e9rcoles se celebrar\u00e1 en Madrid una reuni\u00f3n de S\u00e1nchez con el primer ministro y ministro de Exteriores palestino, Mohamed Mustafa, y otros ministros de Asuntos Exteriores de pa\u00edses \u00e1rabes.<\/p>\n<p>Fuentes diplom\u00e1ticas informaron a EFE de que asistir\u00e1n tambi\u00e9n Mohamed Mustafa, Mohamed bin Abdulrahaman bin Jassim Al Thani, primer ministro y ministro de Exteriores de Qatar, y los ministros de Exteriores de Jordania, Ayman Safadi; Arabia Saudita, el pr\u00edncipe Faisal bin Farhan bin Abdullah Al Saud; y Turqu\u00eda, Hakan Fidan, as\u00ed como el secretario general de la Organizaci\u00f3n de Cooperaci\u00f3n Isl\u00e1mica, Hussein Ibrahim Taha.<\/p>\n<p>El ministro de Asuntos Exteriores de Espa\u00f1a, Jos\u00e9 Manuel Albares, asegur\u00f3 este martes que su pa\u00eds, Irlanda y Noruega responder\u00e1n de manera conjunta a las \u201cprovocaciones\u201d de Israel por haber reconocido a Palestina como Estado.<\/p>\n<p>Albares calific\u00f3 de bulos \u201cinfames\u201d y \u201cdeleznables\u201d los mensajes en redes sociales del ministro de Exteriores israel\u00ed, Israel Katz, y asegur\u00f3 que la respuesta ser\u00e1 \u201ccoordinada, serena y firme\u201d en el momento en que los tres pa\u00edses consideren.<\/p>\n<p>La respuesta llegar\u00e1 \u201cen el momento adecuado\u201d, no cuando \u201ca ellos les interesa\u201d, recalc\u00f3.<\/p>\n","protected":false},"excerpt":{"rendered":"<p>Los gobiernos de Espa\u00f1a, Irlanda y Noruega hicieron este martes oficial el reconocimiento de Palestina&#8230;<\/p>\n","protected":false},"author":1,"featured_media":23204,"comment_status":"open","ping_status":"closed","sticky":false,"template":"","format":"standard","meta":{"footnotes":""},"categories":[6],"tags":[],"class_list":["post-23202","post","type-post","status-publish","format-standard","has-post-thumbnail","hentry","category-internacional"],"_links":{"self":[{"href":"https:\/\/newsqr.com.mx\/index.php?rest_route=\/wp\/v2\/posts\/23202","targetHints":{"allow":["GET"]}}],"collection":[{"href":"https:\/\/newsqr.com.mx\/index.php?rest_route=\/wp\/v2\/posts"}],"about":[{"href":"https:\/\/newsqr.com.mx\/index.php?rest_route=\/wp\/v2\/types\/post"}],"author":[{"embeddable":true,"href":"https:\/\/newsqr.com.mx\/index.php?rest_route=\/wp\/v2\/users\/1"}],"replies":[{"embeddable":true,"href":"https:\/\/newsqr.com.mx\/index.php?rest_route=%2Fwp%2Fv2%2Fcomments&post=23202"}],"version-history":[{"count":1,"href":"https:\/\/newsqr.com.mx\/index.php?rest_route=\/wp\/v2\/posts\/23202\/revisions"}],"predecessor-version":[{"id":23203,"href":"https:\/\/newsqr.com.mx\/index.php?rest_route=\/wp\/v2\/posts\/23202\/revisions\/23203"}],"wp:featuredmedia":[{"embeddable":true,"href":"https:\/\/newsqr.com.mx\/index.php?rest_route=\/wp\/v2\/media\/23204"}],"wp:attachment":[{"href":"https:\/\/newsqr.com.mx\/index.php?rest_route=%2Fwp%2Fv2%2Fmedia&parent=23202"}],"wp:term":[{"taxonomy":"category","embeddable":true,"href":"https:\/\/newsqr.com.mx\/index.php?rest_route=%2Fwp%2Fv2%2Fcategories&post=23202"},{"taxonomy":"post_tag","embeddable":true,"href":"https:\/\/newsqr.com.mx\/index.php?rest_route=%2Fwp%2Fv2%2Ftags&post=23202"}],"curies":[{"name":"wp","href":"https:\/\/api.w.org\/{rel}","templated":true}]}}