{"id":23211,"date":"2024-05-29T09:29:15","date_gmt":"2024-05-29T14:29:15","guid":{"rendered":"https:\/\/newsqr.com.mx\/?p=23211"},"modified":"2024-05-29T14:29:16","modified_gmt":"2024-05-29T14:29:16","slug":"dice-adios-guillermo-ochoa-se-despide-oficialmente-de-salernitana","status":"publish","type":"post","link":"https:\/\/newsqr.com.mx\/?p=23211","title":{"rendered":"\u00a1Dice adi\u00f3s! Guillermo Ochoa se despide oficialmente de Salernitana"},"content":{"rendered":"<p>El momento del retiro de Guillermo Ochoa se mira cada vez m\u00e1s cercano y, por ahora, el veterano arquero dijo adi\u00f3s a Salernitana y confirm\u00f3 su baja del club italiano de forma oficial. \u00abHoy recurro a ti con tristeza para decir adi\u00f3s mientras me voy de este maravilloso club, ciudad y base de fans que me recibieron con los brazos abiertos durante mi \u00faltima temporada\u00bb.<\/p>\n<p>\u00abMi experiencia con la Salernitana fue inolvidable, aunque corta fue intensa, llena de emociones y retos que me hicieron crecer como deportista y como persona\u00bb, escribi\u00f3 el guardameta en su cuenta de Instagram para agradecer al club y sus aficionados por este a\u00f1o y medio en el cual milit\u00f3 con el club de Salerno, con el cual no pudo evitar el descenso.<\/p>\n<p>\u00abQuiero agradecer a cada uno de ustedes por su apoyo en cada momento, por el \u00e1nimo que me impuls\u00f3 a dar lo mejor en cada partido. La pasi\u00f3n y el amor por el f\u00fatbol que respiramos en esta ciudad me han tocado profundamente y siempre llevar\u00e9 a Salerno en mi coraz\u00f3n. Fue un honor defender los colores de Salernitana y luchar junto a mis compa\u00f1eros\u00bb, a\u00f1adi\u00f3 Memo, que se agradeci\u00f3 a entrenadores, personal y directivos del club.<\/p>\n<p>Ochoa lleg\u00f3 al club italiano en enero de 2023, procedente de Am\u00e9rica, y se perdi\u00f3 solo tres partidos en aquella segunda mitad de la Temporada 2022-23. Para la campa\u00f1a 2023-24, entre lesiones y decisi\u00f3n t\u00e9cnica, el mexicano se perdi\u00f3 17 encuentros; en total, durante el a\u00f1o y medio que estuvo, jug\u00f3 41 partidos, con 77 goles recibidos y cinco metas imbatidas.<\/p>\n<p>El futuro del arquero de 38 a\u00f1os ahora es incierto, si buscar\u00e1 otra oportunidad en Europa o regresar\u00e1 a la b. De momento, la Copa Am\u00e9rica marcar\u00e1 el inicio de una nueva era en la Selecci\u00f3n Mexicana, sin Ochoa en la meta.<\/p>\n","protected":false},"excerpt":{"rendered":"<p>El momento del retiro de Guillermo Ochoa se mira cada vez m\u00e1s cercano y, por&#8230;<\/p>\n","protected":false},"author":1,"featured_media":23213,"comment_status":"open","ping_status":"closed","sticky":false,"template":"","format":"standard","meta":{"footnotes":""},"categories":[5],"tags":[],"class_list":["post-23211","post","type-post","status-publish","format-standard","has-post-thumbnail","hentry","category-deportes"],"_links":{"self":[{"href":"https:\/\/newsqr.com.mx\/index.php?rest_route=\/wp\/v2\/posts\/23211","targetHints":{"allow":["GET"]}}],"collection":[{"href":"https:\/\/newsqr.com.mx\/index.php?rest_route=\/wp\/v2\/posts"}],"about":[{"href":"https:\/\/newsqr.com.mx\/index.php?rest_route=\/wp\/v2\/types\/post"}],"author":[{"embeddable":true,"href":"https:\/\/newsqr.com.mx\/index.php?rest_route=\/wp\/v2\/users\/1"}],"replies":[{"embeddable":true,"href":"https:\/\/newsqr.com.mx\/index.php?rest_route=%2Fwp%2Fv2%2Fcomments&post=23211"}],"version-history":[{"count":1,"href":"https:\/\/newsqr.com.mx\/index.php?rest_route=\/wp\/v2\/posts\/23211\/revisions"}],"predecessor-version":[{"id":23212,"href":"https:\/\/newsqr.com.mx\/index.php?rest_route=\/wp\/v2\/posts\/23211\/revisions\/23212"}],"wp:featuredmedia":[{"embeddable":true,"href":"https:\/\/newsqr.com.mx\/index.php?rest_route=\/wp\/v2\/media\/23213"}],"wp:attachment":[{"href":"https:\/\/newsqr.com.mx\/index.php?rest_route=%2Fwp%2Fv2%2Fmedia&parent=23211"}],"wp:term":[{"taxonomy":"category","embeddable":true,"href":"https:\/\/newsqr.com.mx\/index.php?rest_route=%2Fwp%2Fv2%2Fcategories&post=23211"},{"taxonomy":"post_tag","embeddable":true,"href":"https:\/\/newsqr.com.mx\/index.php?rest_route=%2Fwp%2Fv2%2Ftags&post=23211"}],"curies":[{"name":"wp","href":"https:\/\/api.w.org\/{rel}","templated":true}]}}