{"id":23256,"date":"2024-06-01T12:34:56","date_gmt":"2024-06-01T17:34:56","guid":{"rendered":"https:\/\/newsqr.com.mx\/?p=23256"},"modified":"2024-06-01T17:34:57","modified_gmt":"2024-06-01T17:34:57","slug":"nayib-bukele-es-investido-para-un-segundo-mandato-consecutivo-en-el-salvador","status":"publish","type":"post","link":"https:\/\/newsqr.com.mx\/?p=23256","title":{"rendered":"Nayib Bukele es investido para un segundo mandato consecutivo en El Salvador"},"content":{"rendered":"<p>Bukele fue investido por el Congreso para un segundo mandato consecutivo para el per\u00edodo 2024-2029, pese a la prohibici\u00f3n constitucional<\/p>\n<p>El presidente de El Salvador, Nayib Bukele, fue investido por el Congreso para un segundo mandato consecutivo para el per\u00edodo 2024-2029, pese a la prohibici\u00f3n constitucional, con un amplio respaldo popular y con reclamos por la situaci\u00f3n econ\u00f3mica del pa\u00eds.<\/p>\n<p>\u201cS\u00ed, juro\u201d, respondi\u00f3 Bukele a la juramentaci\u00f3n hecha por el l\u00edder de la Asamblea Legislativa, Ernesto Castro, quien le impuso la banda presidencial en las instalaciones del centenario Palacio Nacional, en un acto privado, sin acceso al p\u00fablico, transmitido en cadena nacional y en el que solo estuvieron presentes el rey de Espa\u00f1a, Felipe VI; el presidente de Argentina, Javier Milei, y otros mandatarios.<\/p>\n<p>El acto fue privado, sin acceso al p\u00fablico, transmitido en cadena nacional y en el que solo estuvieron presentes el rey de Espa\u00f1a, Felipe VI; el presidente de Argentina, Javier Milei; otros mandatarios, la familia y cercanos de Bukele.<\/p>\n<p>Afuera, en la Plaza Capit\u00e1n General Gerardo Barrios, cientos de personas, entre invitados especiales de diferentes sectores del pa\u00eds e internacionales, simpatizantes de Bukele y del partido oficialista, Nuevas Ideas (NI), esperaban su discurso.<\/p>\n<p>Bukele se convierte as\u00ed en el primer presidente de la etapa democr\u00e1tica de El Salvador en asumir para un segundo per\u00edodo consecutivo, tras d\u00e9cadas de dictadura militar y una guerra civil de 12 a\u00f1os (1980-1992).<\/p>\n<p>Diversos actores pol\u00edticos y sociales de El Salvador han manifestado que no reconocen la legalidad ni legitimidad del segundo mandato de Bukele por ser contrario a la carta magna.<\/p>\n<p>Tambi\u00e9n participaron en el acto de investidura la presidenta de Honduras, Xiomara Castro; sus hom\u00f3logos de Costa Rica, Rodrigo Chaves; de Paraguay, Santiago Pe\u00f1a, y de Ecuador, Daniel Noboa, y el primer ministro de Belice, John Brice\u00f1o.<\/p>\n<p>Adem\u00e1s, se hizo presente una comitiva del Departamento de Seguridad Nacional de Estados Unidos en representaci\u00f3n el Gobierno de Joe Biden, liderada por Alejandro Mayorkas.<\/p>\n<p>Momentos antes de la investidura, el Congreso de ampl\u00eda mayor\u00eda oficialista dio inicio a una sesi\u00f3n plenaria extraordinaria en las instalaciones del Teatro Nacional para luego trasladarla al Palacio Nacional.<\/p>\n<p>Bukele, pr\u00f3ximo a cumplir 43 a\u00f1os y empresario de la publicidad, se impuso en los comicios del 4 de febrero pasado con m\u00e1s del 85 % de los votos v\u00e1lidos a pesar de que la Constituci\u00f3n proh\u00edbe la reelecci\u00f3n inmediata.<\/p>\n<p>Su participaci\u00f3n en esas elecciones se dio despu\u00e9s de que la Sala de lo Constitucional de la Corte Suprema de Justicia, elegida por la legislatura 2021-2024 sin seguir el proceso legal establecido, emitiera un acto en el que cambi\u00f3 el criterio de interpretaci\u00f3n de la Constituci\u00f3n.<\/p>\n<p>Con esta resoluci\u00f3n, que de acuerdo con expertos no tiene efectos generales y no es de obligatorio cumplimiento por no ser un fallo, Bukele no deb\u00eda esperar 10 a\u00f1os para buscar una reelecci\u00f3n.<\/p>\n<p>El \u00faltimo presidente salvadore\u00f1o en reelegirse para un segundo per\u00edodo consecutivo fue el dictador y general Maximiliano Hern\u00e1ndez Mart\u00ednez, quien gobern\u00f3 entre 1931 y 1944, y dej\u00f3 el poder tras una huelga general.<\/p>\n","protected":false},"excerpt":{"rendered":"<p>Bukele fue investido por el Congreso para un segundo mandato consecutivo para el per\u00edodo 2024-2029,&#8230;<\/p>\n","protected":false},"author":1,"featured_media":23258,"comment_status":"open","ping_status":"closed","sticky":false,"template":"","format":"standard","meta":{"footnotes":""},"categories":[6],"tags":[],"class_list":["post-23256","post","type-post","status-publish","format-standard","has-post-thumbnail","hentry","category-internacional"],"_links":{"self":[{"href":"https:\/\/newsqr.com.mx\/index.php?rest_route=\/wp\/v2\/posts\/23256","targetHints":{"allow":["GET"]}}],"collection":[{"href":"https:\/\/newsqr.com.mx\/index.php?rest_route=\/wp\/v2\/posts"}],"about":[{"href":"https:\/\/newsqr.com.mx\/index.php?rest_route=\/wp\/v2\/types\/post"}],"author":[{"embeddable":true,"href":"https:\/\/newsqr.com.mx\/index.php?rest_route=\/wp\/v2\/users\/1"}],"replies":[{"embeddable":true,"href":"https:\/\/newsqr.com.mx\/index.php?rest_route=%2Fwp%2Fv2%2Fcomments&post=23256"}],"version-history":[{"count":1,"href":"https:\/\/newsqr.com.mx\/index.php?rest_route=\/wp\/v2\/posts\/23256\/revisions"}],"predecessor-version":[{"id":23257,"href":"https:\/\/newsqr.com.mx\/index.php?rest_route=\/wp\/v2\/posts\/23256\/revisions\/23257"}],"wp:featuredmedia":[{"embeddable":true,"href":"https:\/\/newsqr.com.mx\/index.php?rest_route=\/wp\/v2\/media\/23258"}],"wp:attachment":[{"href":"https:\/\/newsqr.com.mx\/index.php?rest_route=%2Fwp%2Fv2%2Fmedia&parent=23256"}],"wp:term":[{"taxonomy":"category","embeddable":true,"href":"https:\/\/newsqr.com.mx\/index.php?rest_route=%2Fwp%2Fv2%2Fcategories&post=23256"},{"taxonomy":"post_tag","embeddable":true,"href":"https:\/\/newsqr.com.mx\/index.php?rest_route=%2Fwp%2Fv2%2Ftags&post=23256"}],"curies":[{"name":"wp","href":"https:\/\/api.w.org\/{rel}","templated":true}]}}