{"id":23277,"date":"2024-06-03T11:00:19","date_gmt":"2024-06-03T16:00:19","guid":{"rendered":"https:\/\/newsqr.com.mx\/?p=23277"},"modified":"2024-06-03T16:00:20","modified_gmt":"2024-06-03T16:00:20","slug":"sebastian-ligarde-asegura-que-en-mexico-no-lo-valoran-no-les-importo-mi-talento-ni-mi-carrera","status":"publish","type":"post","link":"https:\/\/newsqr.com.mx\/?p=23277","title":{"rendered":"Sebasti\u00e1n Ligarde asegura que en M\u00e9xico no lo valoran; \u00abno les import\u00f3 mi talento ni mi carrera\u00bb"},"content":{"rendered":"<p>Hace unos d\u00edas el actor Sebasti\u00e1n Ligarde preocup\u00f3 a sus fans debido a que subi\u00f3 a sus redes sociales un video en el que mencion\u00f3 que el d\u00eda que muera quiere que parte de sus cenizas se queden en Per\u00fa, pa\u00eds en el que actualmente radica.<\/p>\n<p>Los fans del famoso se preocuparon despu\u00e9s de que hace un tiempo Sebasti\u00e1n Ligarde diera a conocer que le hab\u00edan detectado un tumor en el colon.<\/p>\n<p>\u201cQuiero que sepan que estoy consciente del amor y el cari\u00f1o que la gente en Per\u00fa me ha dado. As\u00ed que estoy haciendo arreglos para el d\u00eda que yo falte, mis cenizas sean repartidas en la cripta familiar la mitad de ellas y la otra mitad quiero que sean depositadas en Per\u00fa. As\u00ed dejo un pedacito de mi coraz\u00f3n en Per\u00fa\u201d.<\/p>\n<p>Sebasti\u00e1n Ligarde asegura que en M\u00e9xico no lo valoran<\/p>\n<p>Tras su video, el cual borr\u00f3, Sebasti\u00e1n Ligarde dio una entrevista al programa De Primera Mano en donde habl\u00f3 sobre la pol\u00e9mica que caus\u00f3 el clip que subi\u00f3.<\/p>\n<p>\u201cCualquier d\u00eda nos podemos ir, en cualquier momento y no decirle nada a la gente que es importante\u201d.<\/p>\n<p>Despu\u00e9s, el famoso dijo que quiere dejar parte de sus cenizas en Per\u00fa porque es un pa\u00eds que le tiene aprecio, algo que asegura no sucede en M\u00e9xico.<\/p>\n<p>\u201cLos dos pa\u00edses donde m\u00e1s aceptaci\u00f3n como actor he tenido han sido en Rumania y en Per\u00fa. M\u00e9xico no le dio seguimiento a mi carrera. No les import\u00f3 mi talento ni mi carrera\u201d.<\/p>\n<p>Finalmente, el actor dijo que en alg\u00fan momento le gustar\u00eda regresar a M\u00e9xico a trabajar, pero su \u00faltimo trabajo en nuestro pa\u00eds fue hace 20 a\u00f1os.<\/p>\n<p>\u201cM\u00e9xico forma parte de mi pasado. Ojal\u00e1 pudiera hacer algo en M\u00e9xico, pero hace 20 a\u00f1os no hago nada all\u00ed. Pero gracias a Dios he seguido trabajando\u201d.<\/p>\n","protected":false},"excerpt":{"rendered":"<p>Hace unos d\u00edas el actor Sebasti\u00e1n Ligarde preocup\u00f3 a sus fans debido a que subi\u00f3&#8230;<\/p>\n","protected":false},"author":1,"featured_media":23279,"comment_status":"open","ping_status":"closed","sticky":false,"template":"","format":"standard","meta":{"footnotes":""},"categories":[3],"tags":[],"class_list":["post-23277","post","type-post","status-publish","format-standard","has-post-thumbnail","hentry","category-espectaculos"],"_links":{"self":[{"href":"https:\/\/newsqr.com.mx\/index.php?rest_route=\/wp\/v2\/posts\/23277","targetHints":{"allow":["GET"]}}],"collection":[{"href":"https:\/\/newsqr.com.mx\/index.php?rest_route=\/wp\/v2\/posts"}],"about":[{"href":"https:\/\/newsqr.com.mx\/index.php?rest_route=\/wp\/v2\/types\/post"}],"author":[{"embeddable":true,"href":"https:\/\/newsqr.com.mx\/index.php?rest_route=\/wp\/v2\/users\/1"}],"replies":[{"embeddable":true,"href":"https:\/\/newsqr.com.mx\/index.php?rest_route=%2Fwp%2Fv2%2Fcomments&post=23277"}],"version-history":[{"count":1,"href":"https:\/\/newsqr.com.mx\/index.php?rest_route=\/wp\/v2\/posts\/23277\/revisions"}],"predecessor-version":[{"id":23278,"href":"https:\/\/newsqr.com.mx\/index.php?rest_route=\/wp\/v2\/posts\/23277\/revisions\/23278"}],"wp:featuredmedia":[{"embeddable":true,"href":"https:\/\/newsqr.com.mx\/index.php?rest_route=\/wp\/v2\/media\/23279"}],"wp:attachment":[{"href":"https:\/\/newsqr.com.mx\/index.php?rest_route=%2Fwp%2Fv2%2Fmedia&parent=23277"}],"wp:term":[{"taxonomy":"category","embeddable":true,"href":"https:\/\/newsqr.com.mx\/index.php?rest_route=%2Fwp%2Fv2%2Fcategories&post=23277"},{"taxonomy":"post_tag","embeddable":true,"href":"https:\/\/newsqr.com.mx\/index.php?rest_route=%2Fwp%2Fv2%2Ftags&post=23277"}],"curies":[{"name":"wp","href":"https:\/\/api.w.org\/{rel}","templated":true}]}}