{"id":23283,"date":"2024-06-03T11:03:50","date_gmt":"2024-06-03T16:03:50","guid":{"rendered":"https:\/\/newsqr.com.mx\/?p=23283"},"modified":"2024-06-03T16:03:51","modified_gmt":"2024-06-03T16:03:51","slug":"trudeau-felicita-a-sheinbaum-y-muestra-su-deseo-de-fortalecer-relacion-bilateral","status":"publish","type":"post","link":"https:\/\/newsqr.com.mx\/?p=23283","title":{"rendered":"Trudeau felicita a Sheinbaum y muestra su deseo de fortalecer relaci\u00f3n bilateral"},"content":{"rendered":"<p>El primer ministro de Canad\u00e1, Justin Trudeau, felicit\u00f3 a Claudia Sheinbaum por su victoria en las elecciones presidenciales de M\u00e9xico y mostr\u00f3 su deseo de \u201ctrabajar de forma estrecha\u201d con la presidenta electa para fortalecer las relaciones bilaterales.<\/p>\n<p>\u201cEn nombre del Gobierno de Canad\u00e1, felicito a Claudia Sheinbaum en su elecci\u00f3n como la primera mujer presidenta de M\u00e9xico\u201d, se\u00f1al\u00f3 Trudeau en un comunicado.<\/p>\n<p>\u201cEspero trabajar de forma estrecha con la presidenta electa Sheinbaum para fortalecer a\u00fan m\u00e1s la amistad entre Canad\u00e1 y M\u00e9xico que est\u00e1 enraizada en conexiones culturales, prioridades comunes y una din\u00e1mica relaci\u00f3n comercial e inversora\u201d, a\u00f1adi\u00f3 Trudeau.<\/p>\n<p>La oficialista Claudia Sheinbaum obtuvo entre un 58.3 y 60.7 por ciento de los votos, seg\u00fan el conteo r\u00e1pido del Instituto Nacional Electoral (INE).<\/p>\n<p>Detr\u00e1s de ella quedaron, con un rango de entre el 26.6 y 28.6 por ciento de los apoyos, su principal rival, la opositora X\u00f3chitl G\u00e1lvez, y el abanderado del tambi\u00e9n opositor Movimiento Ciudadano (MC), Jorge \u00c1lvarez M\u00e1ynez, quien recibir\u00eda entre el 9.9 y el 10.8 por ciento de los sufragios.<\/p>\n<p>Trudeau tambi\u00e9n se refiri\u00f3 al presidente saliente, Andr\u00e9s Manuel L\u00f3pez Obrador, a quien agradeci\u00f3 la \u201cfuerte asociaci\u00f3n durante los \u00faltimos seis a\u00f1os\u201d y le deseo lo mejor \u201cen sus proyectos futuros\u201d.<\/p>\n<p>En su mensaje, el primer ministro canadiense no hizo ninguna menci\u00f3n a la Cumbre de L\u00edderes de Am\u00e9rica del Norte, a la que tienen que asistir los presidentes de EE.UU. y M\u00e9xico junto con Trudeau y que est\u00e1 previsto que se celebre este a\u00f1o en Canad\u00e1.<\/p>\n<p>En febrero, L\u00f3pez Obrador revel\u00f3 que la cumbre estaba prevista para abril de este a\u00f1o aunque Canad\u00e1 no hab\u00eda anunciado oficialmente su fecha.<\/p>\n<p>L\u00f3pez Obrador tambi\u00e9n advirti\u00f3 que no acudir\u00eda a la cumbre si Ottawa no ofrec\u00eda \u201cun trato respetuoso\u201d a los mexicanos. Poco despu\u00e9s, Canad\u00e1 impuso el visado de entrada a los mexicanos.<\/p>\n<p>El hecho de que la reuni\u00f3n no se celebrase en abril, como inicialmente M\u00e9xico hab\u00eda previsto, hace dif\u00edcil que L\u00f3pez Obrador pueda asistir a la que ser\u00eda su \u00faltima cumbre norteamericana.<\/p>\n","protected":false},"excerpt":{"rendered":"<p>El primer ministro de Canad\u00e1, Justin Trudeau, felicit\u00f3 a Claudia Sheinbaum por su victoria en&#8230;<\/p>\n","protected":false},"author":1,"featured_media":23285,"comment_status":"open","ping_status":"closed","sticky":false,"template":"","format":"standard","meta":{"footnotes":""},"categories":[6],"tags":[],"class_list":["post-23283","post","type-post","status-publish","format-standard","has-post-thumbnail","hentry","category-internacional"],"_links":{"self":[{"href":"https:\/\/newsqr.com.mx\/index.php?rest_route=\/wp\/v2\/posts\/23283","targetHints":{"allow":["GET"]}}],"collection":[{"href":"https:\/\/newsqr.com.mx\/index.php?rest_route=\/wp\/v2\/posts"}],"about":[{"href":"https:\/\/newsqr.com.mx\/index.php?rest_route=\/wp\/v2\/types\/post"}],"author":[{"embeddable":true,"href":"https:\/\/newsqr.com.mx\/index.php?rest_route=\/wp\/v2\/users\/1"}],"replies":[{"embeddable":true,"href":"https:\/\/newsqr.com.mx\/index.php?rest_route=%2Fwp%2Fv2%2Fcomments&post=23283"}],"version-history":[{"count":1,"href":"https:\/\/newsqr.com.mx\/index.php?rest_route=\/wp\/v2\/posts\/23283\/revisions"}],"predecessor-version":[{"id":23284,"href":"https:\/\/newsqr.com.mx\/index.php?rest_route=\/wp\/v2\/posts\/23283\/revisions\/23284"}],"wp:featuredmedia":[{"embeddable":true,"href":"https:\/\/newsqr.com.mx\/index.php?rest_route=\/wp\/v2\/media\/23285"}],"wp:attachment":[{"href":"https:\/\/newsqr.com.mx\/index.php?rest_route=%2Fwp%2Fv2%2Fmedia&parent=23283"}],"wp:term":[{"taxonomy":"category","embeddable":true,"href":"https:\/\/newsqr.com.mx\/index.php?rest_route=%2Fwp%2Fv2%2Fcategories&post=23283"},{"taxonomy":"post_tag","embeddable":true,"href":"https:\/\/newsqr.com.mx\/index.php?rest_route=%2Fwp%2Fv2%2Ftags&post=23283"}],"curies":[{"name":"wp","href":"https:\/\/api.w.org\/{rel}","templated":true}]}}