{"id":23331,"date":"2024-06-06T08:46:45","date_gmt":"2024-06-06T13:46:45","guid":{"rendered":"https:\/\/newsqr.com.mx\/?p=23331"},"modified":"2024-06-06T13:46:47","modified_gmt":"2024-06-06T13:46:47","slug":"gustavo-santaolalla-registra-el-paisaje-sonoro-de-madrid","status":"publish","type":"post","link":"https:\/\/newsqr.com.mx\/?p=23331","title":{"rendered":"Gustavo Santaolalla registra el paisaje sonoro de Madrid"},"content":{"rendered":"<p>MADRID.\u2014 El argentino Gustavo Santaolalla, un hiperactivo artista con dos premios Oscar en su haber por las bandas sonoras de Secreto en la monta\u00f1a y Babel, trabaja ahora en registrar el paisaje sonoro de Madrid, la capital de un pa\u00eds con el que ten\u00eda una \u201cdeuda personal\u201d.<\/p>\n<p>Para ello, dirige un taller con estudiantes de la madrile\u00f1a escuela de artes TAI, con quienes ha salido a lugares emblem\u00e1ticos para grabar im\u00e1genes y sonidos ambiente, que se completar\u00e1n con m\u00fasica compuesta espec\u00edficamente, para plasmar \u201cel esp\u00edritu de Madrid\u201d, explica el m\u00fasico y productor en entrevista.<\/p>\n<p>En un estudio del TAI, Santaolalla, con su barba y su cabello canos, se sienta junto a varios estudiantes para repasar en una gran pantalla de una computadora las im\u00e1genes que grabaron del ic\u00f3nico Palacio de Cibeles, como la luz del amanecer sobre su tejado, una multitud de peatones frente a su puerta, sus amplios salones que albergan salas de exposiciones&#8230;<\/p>\n<p>\u201cGuarda siempre acordes finales, nunca sabes c\u00f3mo puedes usarlos despu\u00e9s\u201d, le sugiere el m\u00fasico a Mar\u00eda D\u00edaz, a cargo de componer la banda sonora que acompa\u00f1ar\u00e1 al video, mientras suenan unos delicados acordes de guitarra, que recuerdan a composiciones de Santaolalla, como las del videojuego y serie de televisi\u00f3n posapocal\u00edpticos The Last of Us.<\/p>\n<p>Un \u201cuniverso sonoro\u201d<\/p>\n<p>Santaolalla ten\u00eda desde hac\u00eda a\u00f1os la \u201cidea de estar en un proyecto en donde se trabajaran la imagen, el sonido y la m\u00fasica simult\u00e1neamente\u201d, para \u201cdescifrar tambi\u00e9n lo que nos rodea de una manera musical\u201d.<\/p>\n<p>Es \u201ctener una actitud contemplativa frente al universo sonoro que nos rodea\u201d, pero sin caer \u201cen el documental tur\u00edstico, para vender\u201d, abunda el m\u00fasico, quien ha trabajado hombro a hombro con los estudiantes en la captaci\u00f3n del paisaje sonoro en sitios como el Metro, el parque del Retiro y en el mercado de La Cebada.<\/p>\n<p>Hacerlo en Madrid obedeci\u00f3 a una \u201cdeuda personal\u201d que ten\u00eda con Espa\u00f1a.<\/p>\n<p>\u201cHay una parte muy fuerte de mi identidad que es espa\u00f1ola (&#8230;) Mi abuelo era andaluz y mi abuela era vasca. He sentido, sobre todo en los \u00faltimos a\u00f1os, en la \u00faltima d\u00e9cada (&#8230;) una especie de deuda personal con Espa\u00f1a (&#8230;) Sent\u00ed la necesidad y siento la necesidad de acercarme al comienzo de mi ra\u00edz\u201d.<\/p>\n<p>Adem\u00e1s, ya con 72 a\u00f1os, el inquieto m\u00fasico, que ha formado parte de conocidas bandas, ha producido importantes discos de artistas latinoamericanos como Juanes, Julieta Venegas y Caf\u00e9 Tacvba y ha compuesto la banda sonora de una larga lista de pel\u00edculas, ten\u00eda la inquietud de \u201ctransmitir algunas de las cosas que he aprendido\u201d a los estudiantes.<\/p>\n<p>Por ejemplo, a trabajar \u201cel error como acierto\u201d, dice el m\u00fasico al que le gustan las disonancias que pueden terminar siendo \u201cnotas perfectas\u201d; el \u201cuso del espacio y del silencio\u201d, dos elementos muy presentes en sus bandas sonoras; y \u201cla pasi\u00f3n y el entusiasmo por lo que uno hace\u201d.<\/p>\n<p>\u201cHumildad\u201d<\/p>\n<p>En el sentido contrario, el artista se nutre de \u201clos frutos de la inexperiencia\u201d de los j\u00f3venes, que le ofrecen nuevos puntos de vista.<\/p>\n<p>\u201cLo primero que yo les he dicho es que (&#8230;) venimos a aprender juntos. Vamos a tirar ciertas ideas, ciertos conceptos y vamos a trabajarlos juntos. Y obviamente, si esta experiencia es rica, ustedes se van a ir con algo nuevo. Y yo tambi\u00e9n me voy a ir con algo nuevo\u201d, abunda.<\/p>\n<p>Un enfoque que valoran los estudiantes.<\/p>\n<p>\u201cDesde la humildad, siempre nos est\u00e1 ense\u00f1ando todo lo que puede ofrecernos (&#8230;), pero tambi\u00e9n nos deja que nosotros experimentemos y (&#8230;) nos intenta indicar por d\u00f3nde podr\u00edamos seguir\u201d, relata Mar\u00eda D\u00edaz, quien afirma que a sus 21 a\u00f1os no se imaginaba trabajando \u201ccon alguien tan grande como \u00e9l\u201d.<\/p>\n<p>Santaolalla va a estar un mes en Madrid dictando el taller, tras lo cual regresar\u00e1 a Los \u00c1ngeles, donde reside, pero seguir\u00e1 trabajando a distancia en el proyecto, cuyos resultados ser\u00e1n presentados probablemente despu\u00e9s del verano, en Buenos Aires y Madrid.<\/p>\n<p>El plan es llevar esta iniciativa a \u201cotros lados\u201d, agrega Santaolalla, hiperactivo artista quien actualmente trabaja en m\u00fasica nueva de su grupo de tango-fusi\u00f3n Bajofondo, y dise\u00f1a junto a un luthier argentino ronrocos, un instrumento de cuerdas andino, que \u00e9l ayud\u00f3 a popularizar con sus composiciones.<\/p>\n<p>&nbsp;<\/p>\n","protected":false},"excerpt":{"rendered":"<p>MADRID.\u2014 El argentino Gustavo Santaolalla, un hiperactivo artista con dos premios Oscar en su haber&#8230;<\/p>\n","protected":false},"author":1,"featured_media":23333,"comment_status":"open","ping_status":"closed","sticky":false,"template":"","format":"standard","meta":{"footnotes":""},"categories":[3],"tags":[],"class_list":["post-23331","post","type-post","status-publish","format-standard","has-post-thumbnail","hentry","category-espectaculos"],"_links":{"self":[{"href":"https:\/\/newsqr.com.mx\/index.php?rest_route=\/wp\/v2\/posts\/23331","targetHints":{"allow":["GET"]}}],"collection":[{"href":"https:\/\/newsqr.com.mx\/index.php?rest_route=\/wp\/v2\/posts"}],"about":[{"href":"https:\/\/newsqr.com.mx\/index.php?rest_route=\/wp\/v2\/types\/post"}],"author":[{"embeddable":true,"href":"https:\/\/newsqr.com.mx\/index.php?rest_route=\/wp\/v2\/users\/1"}],"replies":[{"embeddable":true,"href":"https:\/\/newsqr.com.mx\/index.php?rest_route=%2Fwp%2Fv2%2Fcomments&post=23331"}],"version-history":[{"count":1,"href":"https:\/\/newsqr.com.mx\/index.php?rest_route=\/wp\/v2\/posts\/23331\/revisions"}],"predecessor-version":[{"id":23332,"href":"https:\/\/newsqr.com.mx\/index.php?rest_route=\/wp\/v2\/posts\/23331\/revisions\/23332"}],"wp:featuredmedia":[{"embeddable":true,"href":"https:\/\/newsqr.com.mx\/index.php?rest_route=\/wp\/v2\/media\/23333"}],"wp:attachment":[{"href":"https:\/\/newsqr.com.mx\/index.php?rest_route=%2Fwp%2Fv2%2Fmedia&parent=23331"}],"wp:term":[{"taxonomy":"category","embeddable":true,"href":"https:\/\/newsqr.com.mx\/index.php?rest_route=%2Fwp%2Fv2%2Fcategories&post=23331"},{"taxonomy":"post_tag","embeddable":true,"href":"https:\/\/newsqr.com.mx\/index.php?rest_route=%2Fwp%2Fv2%2Ftags&post=23331"}],"curies":[{"name":"wp","href":"https:\/\/api.w.org\/{rel}","templated":true}]}}