{"id":23349,"date":"2024-06-07T22:11:54","date_gmt":"2024-06-08T03:11:54","guid":{"rendered":"https:\/\/newsqr.com.mx\/?p=23349"},"modified":"2024-06-08T03:11:56","modified_gmt":"2024-06-08T03:11:56","slug":"evo-morales-adelanta-el-congreso-del-mas-e-invita-al-presidente-luis-arce-a-participar","status":"publish","type":"post","link":"https:\/\/newsqr.com.mx\/?p=23349","title":{"rendered":"Evo Morales adelanta el congreso del MAS e invita al presidente Luis Arce a participar"},"content":{"rendered":"<p>El expresidente de Bolivia y l\u00edder del oficialista Movimiento al Socialismo (MAS), Evo Morales (2006-2019), anunci\u00f3 que el congreso de su partido se har\u00e1 el pr\u00f3ximo lunes y que present\u00f3 un recurso legal para que el ente electoral supervise la reuni\u00f3n en la que se elegir\u00e1 una nueva directiva.<\/p>\n<p>El exmandatario indic\u00f3 que \u201cya est\u00e1n hechas las invitaciones\u201d para el presidente Luis Arce, el vicepresidente David Choquehuanca y los ministros, incluidos algunos embajadores.<\/p>\n<p>Morales detall\u00f3 que el c\u00f3nclave se realizar\u00e1 en Villa Tunari, poblaci\u00f3n del Tr\u00f3pico de Cochabamba que es su basti\u00f3n pol\u00edtico y sindical, y que contar\u00e1 con mil 300 delegados titulares a los que se sumar\u00e1n \u201cm\u00ednimamente 20 mil compa\u00f1eros\u201d.<\/p>\n<p>Asimismo, dijo que present\u00f3 un memorial a la Sala Constitucional Primera de La Paz \u201cpidiendo una medida precautoria o cautelar para garantizar\u201d el congreso.<\/p>\n<p>\u201cEsperamos que hoy en la tarde o ma\u00f1ana (s\u00e1bado) autoricen la supervisi\u00f3n del congreso del 10 de junio\u201d, se\u00f1al\u00f3 Morales en una rueda de prensa.<\/p>\n<p>El l\u00edder del MAS mencion\u00f3 que el recurso se present\u00f3 ante la misma instancia legal que pidi\u00f3 que el Tribunal Supremo Electoral (TSE) supervise el tambi\u00e9n congreso del partido oficialista que convocaron las organizaciones sociales afines al Gobierno de Arce y que se hizo a principios de mayo en El Alto, ciudad vecina de La Paz, c\u00f3nclave que finalmente fue desestimado por el ente electoral por no haber sido convocado por la junta directiva actual.<\/p>\n<p>El congreso se efectuar\u00e1 solamente en la jornada del lunes en el estadio de Villa Tunari en medio de las tensiones con el bloque oficialista \u2018arcista\u2019 del presidente Luis Arce.<\/p>\n<p>Arce y Morales est\u00e1n distanciados desde 2021, y el a\u00f1o pasado sus diferencias se profundizaron por la realizaci\u00f3n de un congreso nacional del partido en el que, en ausencia del mandatario y de sus sectores leales, el expresidente fue ratificado como l\u00edder del MAS y nombrado \u201ccandidato \u00fanico\u201d para las presidenciales de 2025.<\/p>\n<p>Arce y el vicepresidente David Choquehuanca no asistieron a ese encuentro al considerar que las organizaciones sociales, base del partido, no estaban debidamente representadas.<\/p>\n<p>Las tensiones aumentaron despu\u00e9s de que el TSE decidiera anular el congreso de 2023 e instruir que se convocara a uno nuevo consensuado, algo en lo que tampoco se han puesto de acuerdo ambas facciones oficialistas.<\/p>\n<p>En mayo pasado, los sectores \u2018arcistas\u2019 desarrollaron un congreso en El Alto en el que se eligi\u00f3 al dirigente Grover Garc\u00eda como nuevo presidente del MAS, pero la autoridad electoral rechaz\u00f3 ese encuentro porque no cumpli\u00f3 con los reglamentos del partido.<\/p>\n<p>El ente electoral recalc\u00f3 que ambas facciones deben acordar una nueva reuni\u00f3n, sin embargo, el bloque \u2018evista\u2019 ya ten\u00eda programado el congreso para el 10 de julio, pero lo adelant\u00f3 para el 10 de junio.<\/p>\n","protected":false},"excerpt":{"rendered":"<p>El expresidente de Bolivia y l\u00edder del oficialista Movimiento al Socialismo (MAS), Evo Morales (2006-2019),&#8230;<\/p>\n","protected":false},"author":1,"featured_media":23351,"comment_status":"open","ping_status":"closed","sticky":false,"template":"","format":"standard","meta":{"footnotes":""},"categories":[6],"tags":[],"class_list":["post-23349","post","type-post","status-publish","format-standard","has-post-thumbnail","hentry","category-internacional"],"_links":{"self":[{"href":"https:\/\/newsqr.com.mx\/index.php?rest_route=\/wp\/v2\/posts\/23349","targetHints":{"allow":["GET"]}}],"collection":[{"href":"https:\/\/newsqr.com.mx\/index.php?rest_route=\/wp\/v2\/posts"}],"about":[{"href":"https:\/\/newsqr.com.mx\/index.php?rest_route=\/wp\/v2\/types\/post"}],"author":[{"embeddable":true,"href":"https:\/\/newsqr.com.mx\/index.php?rest_route=\/wp\/v2\/users\/1"}],"replies":[{"embeddable":true,"href":"https:\/\/newsqr.com.mx\/index.php?rest_route=%2Fwp%2Fv2%2Fcomments&post=23349"}],"version-history":[{"count":1,"href":"https:\/\/newsqr.com.mx\/index.php?rest_route=\/wp\/v2\/posts\/23349\/revisions"}],"predecessor-version":[{"id":23350,"href":"https:\/\/newsqr.com.mx\/index.php?rest_route=\/wp\/v2\/posts\/23349\/revisions\/23350"}],"wp:featuredmedia":[{"embeddable":true,"href":"https:\/\/newsqr.com.mx\/index.php?rest_route=\/wp\/v2\/media\/23351"}],"wp:attachment":[{"href":"https:\/\/newsqr.com.mx\/index.php?rest_route=%2Fwp%2Fv2%2Fmedia&parent=23349"}],"wp:term":[{"taxonomy":"category","embeddable":true,"href":"https:\/\/newsqr.com.mx\/index.php?rest_route=%2Fwp%2Fv2%2Fcategories&post=23349"},{"taxonomy":"post_tag","embeddable":true,"href":"https:\/\/newsqr.com.mx\/index.php?rest_route=%2Fwp%2Fv2%2Ftags&post=23349"}],"curies":[{"name":"wp","href":"https:\/\/api.w.org\/{rel}","templated":true}]}}