{"id":23421,"date":"2024-06-12T22:16:36","date_gmt":"2024-06-13T03:16:36","guid":{"rendered":"https:\/\/newsqr.com.mx\/?p=23421"},"modified":"2024-06-13T03:16:37","modified_gmt":"2024-06-13T03:16:37","slug":"aeropuerto-de-veracruz-se-posiciona-como-el-cuarto-mas-grande-del-sur-de-mexico","status":"publish","type":"post","link":"https:\/\/newsqr.com.mx\/?p=23421","title":{"rendered":"Aeropuerto de Veracruz se posiciona como el cuarto m\u00e1s grande del sur de M\u00e9xico"},"content":{"rendered":"<p>Con la nueva ruta Veracruz\u2013Dallas, el Aeropuerto Internacional General Heriberto Jara Corona se posiciona como el cuarto m\u00e1s grande del sur de M\u00e9xico, con 200,000 pasajeros al cierre del 2023, m\u00e1s que al inicio de esta administraci\u00f3n.<\/p>\n<p>El servicio diario que conecta los aeropuertos internacionales de Dallas-Fort Worth (DFW) y Heriberto Jara Corona se suma a las 10 rutas de las 7 aerol\u00edneas nacionales y extranjeras que operan dentro de esta terminal, que el a\u00f1o pasado alcanz\u00f3 m\u00e1s de 600 vuelos mensuales.<\/p>\n<p>\u201cEs una catapulta para la captaci\u00f3n de divisas que se traduce en empleo y derrama econ\u00f3mica; de esta manera, se convierte en la puerta de entrada que facilita el intercambio tur\u00edstico, cultural, comercial y social\u201d, resalt\u00f3 el secretario de Turismo de Veracruz, Iv\u00e1n Mart\u00ednez Olvera, en el vuelo inaugural de la aerol\u00ednea American Airlines.<\/p>\n<p>Asimismo, en presencia del director general de Operaciones para M\u00e9xico, Centroam\u00e9rica y el Caribe de American Airlines, Jos\u00e9 Mar\u00eda Giraldo, y representantes de las c\u00e1maras empresariales de la zona conurbada, recalc\u00f3: \u201cLa conectividad a\u00e9rea toma un papel fundamental que garantiza la llegada de miles de turistas a esta estaci\u00f3n y se vuelve un atractivo para clientes potenciales\u201d.<\/p>\n<p>La llegada de la primera aeronave proveniente de DFW posiciona a la entidad como destino en mercados internacionales, contribuyendo as\u00ed con el desarrollo econ\u00f3mico, tur\u00edstico y social, conect\u00e1ndolo con m\u00e1s de 925 vuelos diarios a m\u00e1s de 230 destinos, inform\u00f3 el gobierno del estado.<\/p>\n","protected":false},"excerpt":{"rendered":"<p>Con la nueva ruta Veracruz\u2013Dallas, el Aeropuerto Internacional General Heriberto Jara Corona se posiciona como&#8230;<\/p>\n","protected":false},"author":1,"featured_media":23423,"comment_status":"open","ping_status":"closed","sticky":false,"template":"","format":"standard","meta":{"footnotes":""},"categories":[2],"tags":[],"class_list":["post-23421","post","type-post","status-publish","format-standard","has-post-thumbnail","hentry","category-nacional"],"_links":{"self":[{"href":"https:\/\/newsqr.com.mx\/index.php?rest_route=\/wp\/v2\/posts\/23421","targetHints":{"allow":["GET"]}}],"collection":[{"href":"https:\/\/newsqr.com.mx\/index.php?rest_route=\/wp\/v2\/posts"}],"about":[{"href":"https:\/\/newsqr.com.mx\/index.php?rest_route=\/wp\/v2\/types\/post"}],"author":[{"embeddable":true,"href":"https:\/\/newsqr.com.mx\/index.php?rest_route=\/wp\/v2\/users\/1"}],"replies":[{"embeddable":true,"href":"https:\/\/newsqr.com.mx\/index.php?rest_route=%2Fwp%2Fv2%2Fcomments&post=23421"}],"version-history":[{"count":1,"href":"https:\/\/newsqr.com.mx\/index.php?rest_route=\/wp\/v2\/posts\/23421\/revisions"}],"predecessor-version":[{"id":23422,"href":"https:\/\/newsqr.com.mx\/index.php?rest_route=\/wp\/v2\/posts\/23421\/revisions\/23422"}],"wp:featuredmedia":[{"embeddable":true,"href":"https:\/\/newsqr.com.mx\/index.php?rest_route=\/wp\/v2\/media\/23423"}],"wp:attachment":[{"href":"https:\/\/newsqr.com.mx\/index.php?rest_route=%2Fwp%2Fv2%2Fmedia&parent=23421"}],"wp:term":[{"taxonomy":"category","embeddable":true,"href":"https:\/\/newsqr.com.mx\/index.php?rest_route=%2Fwp%2Fv2%2Fcategories&post=23421"},{"taxonomy":"post_tag","embeddable":true,"href":"https:\/\/newsqr.com.mx\/index.php?rest_route=%2Fwp%2Fv2%2Ftags&post=23421"}],"curies":[{"name":"wp","href":"https:\/\/api.w.org\/{rel}","templated":true}]}}