{"id":23433,"date":"2024-06-13T12:23:07","date_gmt":"2024-06-13T17:23:07","guid":{"rendered":"https:\/\/newsqr.com.mx\/?p=23433"},"modified":"2024-06-13T17:23:08","modified_gmt":"2024-06-13T17:23:08","slug":"exportaciones-de-berries-se-desploman-20","status":"publish","type":"post","link":"https:\/\/newsqr.com.mx\/?p=23433","title":{"rendered":"Exportaciones de berries se desploman 20%"},"content":{"rendered":"<p>Guadalajara, Jal. El sector de las berries, otrora considerado \u201coro rojo\u201d para las exportaciones agr\u00edcolas del pa\u00eds, enfrenta una situaci\u00f3n dif\u00edcil y anticipa una ca\u00edda de entre 18 y hasta 20% en sus ventas al exterior, coment\u00f3 a El Economista, el director general de la Asociaci\u00f3n Nacional de Exportadores de Berries (Aneberries), Juan Jos\u00e9 Flores Garc\u00eda.<\/p>\n<p>Explic\u00f3 que el desplome obedece a una combinaci\u00f3n de varios factores, entre los cuales destaca el cambio clim\u00e1tico y la sequ\u00eda que redujeron la calidad de los llamados frutos rojos; la agresividad de plagas y enfermedades de los cultivos; el tipo de cambio que en los primeros meses del a\u00f1o golpe\u00f3 al sector exportador, as\u00ed como la falta de mano de obra calificada, el aumento en los costos de producci\u00f3n y una desaceleraci\u00f3n econ\u00f3mica en los principales mercados consumidores.<\/p>\n<p>\u201cNuestros principales destinos de exportaci\u00f3n est\u00e1n en Estados Unidos, Canad\u00e1, Jap\u00f3n y algunos mercados de Medio Oriente y pa\u00edses europeos; entonces, en general, tambi\u00e9n las divisas del mercado japon\u00e9s o el mismo euro no han ayudado\u201d, expres\u00f3.<\/p>\n<p>De acuerdo con el director de Aneberries, pese a que las empresas productoras de berries poseen una alta tecnificaci\u00f3n y eficiencia del uso del agua, las variedades del fruto no est\u00e1n dise\u00f1adas para el calor extremo y la sequ\u00eda que se ha registrado en la mayor parte del pa\u00eds.<\/p>\n<p>Mercados<br \/>\nAunque la situaci\u00f3n ha afectado a todas las berries, la variedad m\u00e1s golpeada, incluso con una fuerte ca\u00edda en su precio, es la de los blueberries, por lo que los estados productores m\u00e1s afectados son Jalisco y Sinaloa, precis\u00f3 Flores Garc\u00eda.<\/p>\n<p>\u201cAl mercado norteamericano que es el mayor consumidor, y en particular de los blueberries, no llegamos solos, llegamos con la competencia de otros dos pa\u00edses y el mismo pa\u00eds consumidor que es un gran productor (&#8230;) En Estados Unidos, en blueberries competimos con Per\u00fa, con Chile; pero justo las cosechas de Per\u00fa coincidieron con nuestros picos de producci\u00f3n y, es parte del an\u00e1lisis que estamos haciendo, creemos que eso pudo haber provocado la ca\u00edda de precios\u201d.<\/p>\n<p>El director de Aneberries sostuvo que la ca\u00edda en el precio de blueberries, as\u00ed como la baja en la producci\u00f3n, son datos que a\u00fan se encuentran en an\u00e1lisis por lo que, dijo, la asociaci\u00f3n no est\u00e1 en condiciones de informar el porcentaje de baja en esos indicadores.<\/p>\n<p>Sobre la escasez de jornaleros agr\u00edcolas especializados, indic\u00f3 que, en t\u00e9rminos generales, el d\u00e9ficit es de 15 a 20 por ciento.<\/p>\n<p>\u201cEn t\u00e9rminos particulares, ha habido productores que dejan de hacer labores por privilegiar lo urgente; por ejemplo, la cosecha siempre va a ser urgente, o el manejo de temas fitosanitarios y nutricionales\u201d.<\/p>\n<p>Congreso Internacional<br \/>\nPara analizar los factores que impactan al sector, los pr\u00f3ximos 24 y 25 de julio se llevar\u00e1 a cabo el Congreso Internacional Aneberries 2024 en Expo Guadalajara, que espera alrededor de 3,000 asistentes y reunir\u00e1 a las principales empresas productoras, exportadoras y proveedoras de insumos y servicios.<\/p>\n<p>Entre otros temas, se abordar\u00e1 el estr\u00e9s abi\u00f3tico y c\u00f3mo afecta a las plantas y su rendimiento, as\u00ed como las expectativas del mercado para este sector y la falta de mano de obra.<\/p>\n<p>Previo a la inauguraci\u00f3n, se realizar\u00e1 la carrera con causa de Aneberries en el parque Metropolitano que entregar\u00e1 lo recaudado en el evento deportivo, a la casa hogar del Padre Cu\u00e9llar.<\/p>\n","protected":false},"excerpt":{"rendered":"<p>Guadalajara, Jal. El sector de las berries, otrora considerado \u201coro rojo\u201d para las exportaciones agr\u00edcolas&#8230;<\/p>\n","protected":false},"author":1,"featured_media":23435,"comment_status":"open","ping_status":"closed","sticky":false,"template":"","format":"standard","meta":{"footnotes":""},"categories":[2],"tags":[],"class_list":["post-23433","post","type-post","status-publish","format-standard","has-post-thumbnail","hentry","category-nacional"],"_links":{"self":[{"href":"https:\/\/newsqr.com.mx\/index.php?rest_route=\/wp\/v2\/posts\/23433","targetHints":{"allow":["GET"]}}],"collection":[{"href":"https:\/\/newsqr.com.mx\/index.php?rest_route=\/wp\/v2\/posts"}],"about":[{"href":"https:\/\/newsqr.com.mx\/index.php?rest_route=\/wp\/v2\/types\/post"}],"author":[{"embeddable":true,"href":"https:\/\/newsqr.com.mx\/index.php?rest_route=\/wp\/v2\/users\/1"}],"replies":[{"embeddable":true,"href":"https:\/\/newsqr.com.mx\/index.php?rest_route=%2Fwp%2Fv2%2Fcomments&post=23433"}],"version-history":[{"count":1,"href":"https:\/\/newsqr.com.mx\/index.php?rest_route=\/wp\/v2\/posts\/23433\/revisions"}],"predecessor-version":[{"id":23434,"href":"https:\/\/newsqr.com.mx\/index.php?rest_route=\/wp\/v2\/posts\/23433\/revisions\/23434"}],"wp:featuredmedia":[{"embeddable":true,"href":"https:\/\/newsqr.com.mx\/index.php?rest_route=\/wp\/v2\/media\/23435"}],"wp:attachment":[{"href":"https:\/\/newsqr.com.mx\/index.php?rest_route=%2Fwp%2Fv2%2Fmedia&parent=23433"}],"wp:term":[{"taxonomy":"category","embeddable":true,"href":"https:\/\/newsqr.com.mx\/index.php?rest_route=%2Fwp%2Fv2%2Fcategories&post=23433"},{"taxonomy":"post_tag","embeddable":true,"href":"https:\/\/newsqr.com.mx\/index.php?rest_route=%2Fwp%2Fv2%2Ftags&post=23433"}],"curies":[{"name":"wp","href":"https:\/\/api.w.org\/{rel}","templated":true}]}}