{"id":23526,"date":"2024-06-20T09:22:15","date_gmt":"2024-06-20T14:22:15","guid":{"rendered":"https:\/\/newsqr.com.mx\/?p=23526"},"modified":"2024-06-20T14:22:16","modified_gmt":"2024-06-20T14:22:16","slug":"unesco-anuncia-el-lanzamiento-de-una-red-mundial-para-combatir-la-desinformacion","status":"publish","type":"post","link":"https:\/\/newsqr.com.mx\/?p=23526","title":{"rendered":"Unesco anuncia el lanzamiento de una red mundial para combatir la desinformaci\u00f3n"},"content":{"rendered":"<p>Reguladores de medios de comunicaci\u00f3n de 87 pa\u00edses y regiones y la Unesco lanzaron una red mundial para coordinar esfuerzos en la lucha contra la desinformaci\u00f3n que circula en internet, principalmente en las redes sociales, anunci\u00f3 la agencia de la ONU con sede en Par\u00eds.<\/p>\n<p>Esta nueva plataforma, nacida tras el foro de tres d\u00edas celebrado en Dubrovnik (Croacia) que ha reunido a representantes de plataformas de internet, gobiernos y sociedad civil, es fruto del estudio que la Unesco divulg\u00f3 a finales de 2023 sobre la creciente preocupaci\u00f3n de la ciudadan\u00eda por noticias falsas, especialmente en periodo electoral.<\/p>\n<p>\u201cGracias a la creaci\u00f3n de una red mundial de reguladores, impulsada por la Unesco y ya apoyada por 124 pa\u00edses, podemos afrontar los grandes desaf\u00edos de internet a una escala global. Esta iniciativa tiene por principio proteger la libertad de expresi\u00f3n y los derechos humanos\u201d, dijo la directora general de la Unesco, Audrey Azoulay, en un comunicado.<\/p>\n<p>Esta plataforma y sus principios rectores buscan ser \u201cuna hoja de ruta para los gobiernos, los \u00f3rganos reguladores, las empresas de internet y los ciudadanos para definir y poner en marcha medidas equilibradas y eficaces\u201d, indic\u00f3 la organizaci\u00f3n.<\/p>\n<p>Los m\u00e1s de 100 participantes en el foro de Dubrovnik se comprometieron, adem\u00e1s, \u201ca trabajar juntos\u201d en la creaci\u00f3n de un \u2018foro mundial de reguladores\u2018 -sin plazo concreto- que permitir\u00e1 coordinar ciertas acciones para \u201cmejorar la gobernanza de las plataformas de internet\u201c.<\/p>\n","protected":false},"excerpt":{"rendered":"<p>Reguladores de medios de comunicaci\u00f3n de 87 pa\u00edses y regiones y la Unesco lanzaron una&#8230;<\/p>\n","protected":false},"author":1,"featured_media":23528,"comment_status":"open","ping_status":"closed","sticky":false,"template":"","format":"standard","meta":{"footnotes":""},"categories":[6],"tags":[],"class_list":["post-23526","post","type-post","status-publish","format-standard","has-post-thumbnail","hentry","category-internacional"],"_links":{"self":[{"href":"https:\/\/newsqr.com.mx\/index.php?rest_route=\/wp\/v2\/posts\/23526","targetHints":{"allow":["GET"]}}],"collection":[{"href":"https:\/\/newsqr.com.mx\/index.php?rest_route=\/wp\/v2\/posts"}],"about":[{"href":"https:\/\/newsqr.com.mx\/index.php?rest_route=\/wp\/v2\/types\/post"}],"author":[{"embeddable":true,"href":"https:\/\/newsqr.com.mx\/index.php?rest_route=\/wp\/v2\/users\/1"}],"replies":[{"embeddable":true,"href":"https:\/\/newsqr.com.mx\/index.php?rest_route=%2Fwp%2Fv2%2Fcomments&post=23526"}],"version-history":[{"count":1,"href":"https:\/\/newsqr.com.mx\/index.php?rest_route=\/wp\/v2\/posts\/23526\/revisions"}],"predecessor-version":[{"id":23527,"href":"https:\/\/newsqr.com.mx\/index.php?rest_route=\/wp\/v2\/posts\/23526\/revisions\/23527"}],"wp:featuredmedia":[{"embeddable":true,"href":"https:\/\/newsqr.com.mx\/index.php?rest_route=\/wp\/v2\/media\/23528"}],"wp:attachment":[{"href":"https:\/\/newsqr.com.mx\/index.php?rest_route=%2Fwp%2Fv2%2Fmedia&parent=23526"}],"wp:term":[{"taxonomy":"category","embeddable":true,"href":"https:\/\/newsqr.com.mx\/index.php?rest_route=%2Fwp%2Fv2%2Fcategories&post=23526"},{"taxonomy":"post_tag","embeddable":true,"href":"https:\/\/newsqr.com.mx\/index.php?rest_route=%2Fwp%2Fv2%2Ftags&post=23526"}],"curies":[{"name":"wp","href":"https:\/\/api.w.org\/{rel}","templated":true}]}}