{"id":23598,"date":"2024-06-24T08:31:59","date_gmt":"2024-06-24T13:31:59","guid":{"rendered":"https:\/\/newsqr.com.mx\/?p=23598"},"modified":"2024-06-24T13:32:00","modified_gmt":"2024-06-24T13:32:00","slug":"coque-muniz-es-hospitalizado-de-emergencia-por-una-bronconeumonia","status":"publish","type":"post","link":"https:\/\/newsqr.com.mx\/?p=23598","title":{"rendered":"Coque Mu\u00f1iz es hospitalizado de emergencia por una bronconeumon\u00eda"},"content":{"rendered":"<h2 class=\"subTitle text-2xl mb-5\">El cantante ofreci\u00f3 este fin de semana un concierto en Playa del Carmen<\/h2>\n<p>La salud de Coque Mu\u00f1iz se ha convertido en tema de preocupaci\u00f3n entre sus seguidores, luego de que se diera a conocer que el cantante fue hospitalizado de emergencia tras el concierto que ofreci\u00f3, este fin de semana, en Playa del Carmen.<\/p>\n<p>De acuerdo con informaci\u00f3n publicada por la revista TVNotas, despu\u00e9s de su presentaci\u00f3n, Mu\u00f1iz sufri\u00f3 de fuertes dolores en el pecho, por lo que decidieron trasladarlo hasta un hospital cercano para que fuera atendido de manera inmediata.<\/p>\n<p>\u00abTengo un problema de bronquios. Con los cambios de clima, que estaba fr\u00edo y (luego el ) calor; entonces me vino un dolor muy fuerte\u201d, dijo a la publicaci\u00f3n desde la cl\u00ednica donde todav\u00eda se encuentra.<\/p>\n<p>Seg\u00fan explic\u00f3 el propio conductor, tras varios estudios, los doctores le diagnosticaron una bronconeumon\u00eda, aparentemente derivada a los cambios de clima a los que se someti\u00f3: \u201cMe trajeron para que me checaran y me descubrieron una bronconeumon\u00eda, pero ya estoy estable\u201d, agreg\u00f3.<\/p>\n<p>Aunque por su estado de salud no pudo ahondar en detalles, neg\u00f3 que se encuentre en peligro y agradeci\u00f3 por la preocupaci\u00f3n de sus fans y los medios de comunicaci\u00f3n: \u00abNo estoy en terapia intermedia. Estoy bien, pero no puedo hablar mucho. Agradezco la preocupaci\u00f3n\u201d, expres\u00f3 antes de finalizar la comunicaci\u00f3n.<\/p>\n<p>Por ahora, se desconoce el tiempo que permanecer\u00e1 internado, lo que s\u00ed destac\u00f3 la publicaci\u00f3n es que se encuentra muy bien atendido y en compa\u00f1\u00eda de su familia.<\/p>\n<p>En los \u00faltimos a\u00f1os, el tambi\u00e9n conductor de televisi\u00f3n tambi\u00e9n encendi\u00f3 las alarmas por un aparente problema en la nariz, del que hasta ahora no ha dado detalles; adem\u00e1s, en 2022 permaneci\u00f3 varios d\u00edas en el hospital y hasta fue sometido a una intervenci\u00f3n quir\u00fargica por una enfermedad en la pr\u00f3stata.<\/p>\n","protected":false},"excerpt":{"rendered":"<p>El cantante ofreci\u00f3 este fin de semana un concierto en Playa del Carmen La salud&#8230;<\/p>\n","protected":false},"author":1,"featured_media":23600,"comment_status":"open","ping_status":"closed","sticky":false,"template":"","format":"standard","meta":{"footnotes":""},"categories":[3],"tags":[],"class_list":["post-23598","post","type-post","status-publish","format-standard","has-post-thumbnail","hentry","category-espectaculos"],"_links":{"self":[{"href":"https:\/\/newsqr.com.mx\/index.php?rest_route=\/wp\/v2\/posts\/23598","targetHints":{"allow":["GET"]}}],"collection":[{"href":"https:\/\/newsqr.com.mx\/index.php?rest_route=\/wp\/v2\/posts"}],"about":[{"href":"https:\/\/newsqr.com.mx\/index.php?rest_route=\/wp\/v2\/types\/post"}],"author":[{"embeddable":true,"href":"https:\/\/newsqr.com.mx\/index.php?rest_route=\/wp\/v2\/users\/1"}],"replies":[{"embeddable":true,"href":"https:\/\/newsqr.com.mx\/index.php?rest_route=%2Fwp%2Fv2%2Fcomments&post=23598"}],"version-history":[{"count":1,"href":"https:\/\/newsqr.com.mx\/index.php?rest_route=\/wp\/v2\/posts\/23598\/revisions"}],"predecessor-version":[{"id":23599,"href":"https:\/\/newsqr.com.mx\/index.php?rest_route=\/wp\/v2\/posts\/23598\/revisions\/23599"}],"wp:featuredmedia":[{"embeddable":true,"href":"https:\/\/newsqr.com.mx\/index.php?rest_route=\/wp\/v2\/media\/23600"}],"wp:attachment":[{"href":"https:\/\/newsqr.com.mx\/index.php?rest_route=%2Fwp%2Fv2%2Fmedia&parent=23598"}],"wp:term":[{"taxonomy":"category","embeddable":true,"href":"https:\/\/newsqr.com.mx\/index.php?rest_route=%2Fwp%2Fv2%2Fcategories&post=23598"},{"taxonomy":"post_tag","embeddable":true,"href":"https:\/\/newsqr.com.mx\/index.php?rest_route=%2Fwp%2Fv2%2Ftags&post=23598"}],"curies":[{"name":"wp","href":"https:\/\/api.w.org\/{rel}","templated":true}]}}