{"id":23601,"date":"2024-06-24T08:34:30","date_gmt":"2024-06-24T13:34:30","guid":{"rendered":"https:\/\/newsqr.com.mx\/?p=23601"},"modified":"2024-06-24T13:34:31","modified_gmt":"2024-06-24T13:34:31","slug":"la-princesa-ana-es-hospitalizada-tras-sufrir-una-conmocion-cerebral-luego-de-un-incidente-reporta-palacio-de-buckingham","status":"publish","type":"post","link":"https:\/\/newsqr.com.mx\/?p=23601","title":{"rendered":"La princesa Ana es hospitalizada tras sufrir una conmoci\u00f3n cerebral luego de un \u00abincidente\u00bb, reporta Palacio de Buckingham"},"content":{"rendered":"<h4>Ana es uno de los miembros m\u00e1s ocupados de la familia real, que asumi\u00f3 m\u00e1s tareas tras el diagn\u00f3stico de c\u00e1ncer de Carlos.<\/h4>\n<p>La princesa Ana, hermana del rey Carlos III, ha sido hospitalizada por un traumatismo y \u00abheridas leves\u00bb en la cabeza tras ser supuestamente golpeada por un caballo, inform\u00f3 este lunes el palacio de Buckingham.<\/p>\n<p>El accidente se produjo cuando la princesa caminaba por los terrenos de su mansi\u00f3n en la campi\u00f1a inglesa Gatcombe Park y, aunque el origen de las lesiones no est\u00e1 confirmado, sus m\u00e9dicos creen que se ajustan al golpe propinado por la cabeza o la pata de un caballo.<\/p>\n<p>La hermana del rey Carlos III, de 73 a\u00f1os, ha sido hospitalizada como medida de precauci\u00f3n para quedar bajo observaci\u00f3n y se espera que se recupere por completo.<\/p>\n<p>\u201cEl rey se ha mantenido estrechamente informado y se suma a toda la familia real para enviar su m\u00e1s cari\u00f1oso afecto y buenos deseos a la princesa para una pronta recuperaci\u00f3n\u201d, indic\u00f3 el palacio en un comunicado el lunes, sin dar m\u00e1s detalles.<br \/>\nAna es uno de los miembros m\u00e1s ocupados de la familia real, que asumi\u00f3 m\u00e1s tareas tras el diagn\u00f3stico de c\u00e1ncer de Carlos.<\/p>\n<p>La princesa \u00abse encuentra bien\u00bb en el hospital Southmead de Bristol (suroeste de Inglaterra) y se espera \u00abque se recupere del todo r\u00e1pidamente\u00bb, aunque anular\u00e1 sus compromisos de esta semana, incluido su asistencia al banquete en honor de los emperadores de Jap\u00f3n el martes, de acuerdo con la nota.<\/p>\n<p>El palacio apunta que su permanencia bajo observaci\u00f3n en el hospital es \u00abuna medida de precauci\u00f3n\u00bb y se prev\u00e9 que pueda recibir el alta esta misma semana para regresar a casa.<\/p>\n<p>El soberano, quien est\u00e1 bajo tratamiento de c\u00e1ncer, es informado regularmente de su estado y le env\u00eda \u00absu amor y mejores deseos\u00bb para la recuperaci\u00f3n, indic\u00f3 Buckingham.<\/p>\n<p>Al ocurrir el suceso, dentro del per\u00edmetro protegido de sus terrenos, la princesa fue atendida primero por servicios de emergencia y despu\u00e9s trasladada al centro m\u00e9dico, adonde la acompa\u00f1\u00f3 su esposo, Tim Laurence.<\/p>\n<p>En ese momento, estaban en la mansi\u00f3n en el condado de Gloucestershire (suroeste ingl\u00e9s) \u00e9ste y los hijos de Ana con Mark Phillips, Zara Tindall y Peter Phillips.<\/p>\n<p>El resto de la familia, incluidos sus hermanos Carlos, Andr\u00e9s y Eduardo y los pr\u00edncipes de Gales, William y Kate, fueron notificados poco despu\u00e9s.<\/p>\n<p>Entre los compromisos oficiales que tendr\u00e1n que ser anulados, se incluye un viaje a Canad\u00e1 que la princesa iba a emprender a finales de esta semana y que ahora deber\u00e1 ser reprogramado.<\/p>\n<p>La princesa se disculpa \u00abante aquellos a los que haya decepcionado o causado inconveniencia\u00bb por lo sucedido, seg\u00fan la nota.<\/p>\n","protected":false},"excerpt":{"rendered":"<p>Ana es uno de los miembros m\u00e1s ocupados de la familia real, que asumi\u00f3 m\u00e1s&#8230;<\/p>\n","protected":false},"author":1,"featured_media":23603,"comment_status":"open","ping_status":"closed","sticky":false,"template":"","format":"standard","meta":{"footnotes":""},"categories":[6],"tags":[],"class_list":["post-23601","post","type-post","status-publish","format-standard","has-post-thumbnail","hentry","category-internacional"],"_links":{"self":[{"href":"https:\/\/newsqr.com.mx\/index.php?rest_route=\/wp\/v2\/posts\/23601","targetHints":{"allow":["GET"]}}],"collection":[{"href":"https:\/\/newsqr.com.mx\/index.php?rest_route=\/wp\/v2\/posts"}],"about":[{"href":"https:\/\/newsqr.com.mx\/index.php?rest_route=\/wp\/v2\/types\/post"}],"author":[{"embeddable":true,"href":"https:\/\/newsqr.com.mx\/index.php?rest_route=\/wp\/v2\/users\/1"}],"replies":[{"embeddable":true,"href":"https:\/\/newsqr.com.mx\/index.php?rest_route=%2Fwp%2Fv2%2Fcomments&post=23601"}],"version-history":[{"count":1,"href":"https:\/\/newsqr.com.mx\/index.php?rest_route=\/wp\/v2\/posts\/23601\/revisions"}],"predecessor-version":[{"id":23602,"href":"https:\/\/newsqr.com.mx\/index.php?rest_route=\/wp\/v2\/posts\/23601\/revisions\/23602"}],"wp:featuredmedia":[{"embeddable":true,"href":"https:\/\/newsqr.com.mx\/index.php?rest_route=\/wp\/v2\/media\/23603"}],"wp:attachment":[{"href":"https:\/\/newsqr.com.mx\/index.php?rest_route=%2Fwp%2Fv2%2Fmedia&parent=23601"}],"wp:term":[{"taxonomy":"category","embeddable":true,"href":"https:\/\/newsqr.com.mx\/index.php?rest_route=%2Fwp%2Fv2%2Fcategories&post=23601"},{"taxonomy":"post_tag","embeddable":true,"href":"https:\/\/newsqr.com.mx\/index.php?rest_route=%2Fwp%2Fv2%2Ftags&post=23601"}],"curies":[{"name":"wp","href":"https:\/\/api.w.org\/{rel}","templated":true}]}}